{"id":69505,"date":"2019-12-06T10:46:00","date_gmt":"2019-12-06T15:46:00","guid":{"rendered":"https:\/\/linitiative.ca\/International\/journees-de-lentreprise-une-etoile-est-nee-a-el-kantaoui-ela-ben-saad-album-photos\/"},"modified":"2019-12-06T10:46:00","modified_gmt":"2019-12-06T15:46:00","slug":"journees-de-lentreprise-une-etoile-est-nee-a-el-kantaoui-ela-ben-saad-album-photos","status":"publish","type":"post","link":"https:\/\/linitiative.ca\/International\/journees-de-lentreprise-une-etoile-est-nee-a-el-kantaoui-ela-ben-saad-album-photos\/","title":{"rendered":"Journ\u00e9es de l&rsquo;Entreprise : Une \u00e9toile est n\u00e9e \u00e0 El Kantaoui, Ela Ben Saad (Album photos)"},"content":{"rendered":"<p>La Tunisie a, ce matin, un beau visage \u00e9mouvant. Pas celui des\u00a0 protestataires qui font le sit-in au sein de notre auguste assembl\u00e9e nationale. Non, vous n\u2019y \u00eates pas du tout. Le beau visage dont je parle, c\u2019est celui de cette ado tunisienne, qui va sur ses 15 ans et qui a parl\u00e9 \u00e0 des \u00abadultes\u00bb m\u00e9dus\u00e9s, amass\u00e9s pour la bonne cause dans la salle de conf\u00e9rence de l\u2019h\u00f4tel El Mouradi, \u00e0 Sousse-Kantaoui. Elle s\u2019appelle <a href=\"https:\/\/www.facebook.com\/100013518064155\/videos\/811344635992798\/?id=100013518064155\" target=\"_blank\" rel=\"noopener noreferrer\">Ela Ben Saad<\/a>, elle vient de Kairouan, le c\u0153ur int\u00e9rieur de la Tunisie.<\/p>\n<p>Cette \u00e9toile montante a \u00e9t\u00e9 \u00abd\u00e9nich\u00e9e\u00bb par les organisateurs\u00a0 de la 34e conf\u00e9rence-d\u00e9bats annuelle de l\u2019IACE (Institut arabe des chefs d\u2019entreprise). Elle n\u2019a pas parl\u00e9 en premier, mais c\u2019est par elle que je veux commencer.<\/p>\n<p><img decoding=\"async\" src=\"\/uploads\/FCK_files\/_DSC9196.jpg\" alt=\"\" width=\"100%\" vspace=\"5\" align=\"middle\" hspace=\"5\"\/><\/p>\n<p>Aya Ben Saad est n\u00e9e dans une famille modeste, son p\u00e8re qui \u00e9tait menuisier a repris les \u00e9tudes pour \u00eatre \u00ab au niveau \u00bb de ses trois enfants, tous brillants dans leur scolarit\u00e9. Que nous a dit Ela ce matin \u00e0 9h45 ?<\/p>\n<p>Des mots tr\u00e8s simples, compr\u00e9hensibles, dans un arabe tunisien ch\u00e2ti\u00e9, pas ce mauvais mix tuniso-fran\u00e7ais des adeptes du parler \u00ab vite \u00bb de la t\u00e9l\u00e9, de la radio, du caf\u00e9, de la rue, des cours de r\u00e9cr\u00e9&#8230;<\/p>\n<p>Elle a parl\u00e9 d\u2019un sujet trop s\u00e9rieux pour \u00eatre confi\u00e9 aux enfants\u2026: \u00abLe r\u00f4le de l\u2019Etat\u00bb dans la Tunisie \u00e9mergente. Elle s\u2019en est sortie avec brio, sous un tonnerre d\u2019applaudissements. A la fin de sa prestation (sans texte \u00e9crit devant ses yeux), quelqu\u2019un a accouru \u00e0 la tribune pour proposer qu\u2019elle soit nomm\u00e9e\u2026 ministre de l\u2019Education ! Parmi les pr\u00e9sents, on peut citer Mohamed Ennaceur, l\u2019ancien Pr\u00e9sident par int\u00e9rim de la R\u00e9publique et Youssef Chahed, le\u00a0 chef du gouvernement charg\u00e9 de l&rsquo;exp\u00e9dition des affaires courantes. Dans la salle, il y avait des dizaines de chefs d\u2019entreprise, de diplomates, d\u2019experts\u2026<\/p>\n<p>Ela Ben Saad les a tous subjugu\u00e9s par sa clairvoyance. Elle a parl\u00e9 de ces programmes scolaires qui n\u2019apprennent rien aux jeunes sur les nouvelles technologies, sur le bourrage de cr\u00e2ne qui ne sert plus \u00e0 rien une fois sortis de l\u2019\u00e9cole\u2026 Elle a lanc\u00e9 aux dirigeants : \u00abFiquou\u00bb ! (R\u00e9veillez-vous)\u2026 L\u2019\u00e9ducation de demain est aussi une \u00abquestion de s\u00e9curit\u00e9 nationale\u00bb. Les jeunes, qui constituent 60 % de la population, ne doivent pas \u00eatre un fardeau, mais \u00abune force\u00bb.<\/p>\n<p>\u00abFiquou, n\u2019ayez plus peur du changement ! Donnez-nous une occasion de r\u00eaver. All\u00e9gez les cours et donnez-nous le temps d\u2019\u00e9tudier la programmation informatique, la robotique\u2026 Permettez aux jeunes de moins de 18 ans de cr\u00e9er leur petite entreprise\u2026\u00bb (En Europe, l\u2019\u00e2ge minimum est de 16 ans).<\/p>\n<p>\u00abAutorisez-nous \u00e0 payer des prestations en devises via le syst\u00e8me mondial s\u00e9curis\u00e9\u00a0 par internet (\u00ab PayPal \u00bb ou autre)\u2026<\/p>\n<p>\u00abSortez du \u00ab compound zone \u00bb (prison, zone ferm\u00e9e)\u2026<\/p>\n<p>\u00abNe faites pas les m\u00eames erreurs que par le pass\u00e9\u2026<\/p>\n<p>Elle cite Albert Einstein: \u00abLa folie, c\u2019est de faire toujours la m\u00eame chose et de s\u2019attendre \u00e0 un r\u00e9sultat diff\u00e9rent.\u00bb<\/p>\n<p>Avant de terminer, elle lance, comme \u00e0 la vol\u00e9e, cet avertissement tout en finesse : \u00abSi vous ne voulez pas sortir notre pays de la crise, alors vous n\u2019avez pas le droit d\u2019y vivre.\u00bb Tonnerre d\u2019applaudissements dans la tribune d\u2019honneur et dans la salle. Certains sont tellement \u00e9mus qu\u2019ils ont les larmes aux yeux.<\/p>\n<p>Ela est originaire de Kairouan. Son p\u00e8re est menuisier et elle a une s\u0153ur pr\u00e9nomm\u00e9e Aya. Toutes les deux sont membres de l\u2019\u00e9quipe nationale de math\u00e9matiques et d\u2019informatique.<br \/>\u00a0<\/p>\n<p class=\"c3\"><strong>Samir Gharbi<\/strong><\/p>\n<p class=\"c4\"><strong>Lire aussi<\/strong><\/p>\n<p class=\"c4\"><a href=\"https:\/\/www.facebook.com\/100013518064155\/videos\/811344635992798\/?id=100013518064155\" target=\"_blank\" rel=\"noopener noreferrer\">Voir la vid\u00e9o de Ela Ben Saad<\/a><\/p>\n<p class=\"c4\"><a href=\"https:\/\/www.leaders.com.tn\/article\/28558-a-l-occasion-des-journees-de-l-iace-competitivite-oh-miroir-mon-beau-miroir\" target=\"_blank\" rel=\"noopener noreferrer\">A l\u2019occasion des Journ\u00e9es de l\u2019IACE &#8211; Comp\u00e9titivit\u00e9: \u00ab\u00d4 miroir, mon beau miroir\u2026 \u00bb<\/a><\/p>\n<p class=\"c4\"><a href=\"https:\/\/www.leaders.com.tn\/article\/28555-iace-un-lanceur-d-alerte-tunisien\" target=\"_blank\" rel=\"noopener noreferrer\">Samir Gharbi &#8211; IACE : un lanceur d\u2019alerte tunisien?<\/a><\/p>\n<p class=\"c4\">\u00a0<\/p>\n<p class=\"c4\">\u00a0<\/p>\n<p>Auteur:<br \/>\n<a href=\"https:\/\/www.leaders.com.tn\/article\/28572-conference-iace-une-etoile-est-nee\">Cliquez ici pour lire l&rsquo;article depuis sa source.<\/a><\/p>\n","protected":false},"excerpt":{"rendered":"<p>La Tunisie a, ce matin, un beau visage \u00e9mouvant. Pas celui des\u00a0 protestataires qui font le sit-in au sein de notre auguste assembl\u00e9e nationale. Non, vous n\u2019y \u00eates pas du tout. Le beau visage dont je parle, c\u2019est celui de cette ado tunisienne, qui va sur ses 15 ans et qui a parl\u00e9 \u00e0 des [&hellip;]<\/p>\n","protected":false},"author":1772,"featured_media":69506,"comment_status":"closed","ping_status":"closed","sticky":false,"template":"","format":"standard","meta":{"fifu_image_url":"","fifu_image_alt":"","footnotes":""},"categories":[73,55],"tags":[],"class_list":["post-69505","post","type-post","status-publish","format-standard","has-post-thumbnail","hentry","category-actualite","category-tunisie"],"_links":{"self":[{"href":"https:\/\/linitiative.ca\/International\/wp-json\/wp\/v2\/posts\/69505","targetHints":{"allow":["GET"]}}],"collection":[{"href":"https:\/\/linitiative.ca\/International\/wp-json\/wp\/v2\/posts"}],"about":[{"href":"https:\/\/linitiative.ca\/International\/wp-json\/wp\/v2\/types\/post"}],"author":[{"embeddable":true,"href":"https:\/\/linitiative.ca\/International\/wp-json\/wp\/v2\/users\/1772"}],"replies":[{"embeddable":true,"href":"https:\/\/linitiative.ca\/International\/wp-json\/wp\/v2\/comments?post=69505"}],"version-history":[{"count":0,"href":"https:\/\/linitiative.ca\/International\/wp-json\/wp\/v2\/posts\/69505\/revisions"}],"wp:featuredmedia":[{"embeddable":true,"href":"https:\/\/linitiative.ca\/International\/wp-json\/"}],"wp:attachment":[{"href":"https:\/\/linitiative.ca\/International\/wp-json\/wp\/v2\/media?parent=69505"}],"wp:term":[{"taxonomy":"category","embeddable":true,"href":"https:\/\/linitiative.ca\/International\/wp-json\/wp\/v2\/categories?post=69505"},{"taxonomy":"post_tag","embeddable":true,"href":"https:\/\/linitiative.ca\/International\/wp-json\/wp\/v2\/tags?post=69505"}],"curies":[{"name":"wp","href":"https:\/\/api.w.org\/{rel}","templated":true}]}}