{"id":69507,"date":"2019-12-06T12:13:00","date_gmt":"2019-12-06T17:13:00","guid":{"rendered":"https:\/\/linitiative.ca\/International\/journees-de-lentreprise-taieb-bayahi-renverser-la-table-sil-le-faut-album-photos\/"},"modified":"2019-12-06T12:13:00","modified_gmt":"2019-12-06T17:13:00","slug":"journees-de-lentreprise-taieb-bayahi-renverser-la-table-sil-le-faut-album-photos","status":"publish","type":"post","link":"https:\/\/linitiative.ca\/International\/journees-de-lentreprise-taieb-bayahi-renverser-la-table-sil-le-faut-album-photos\/","title":{"rendered":"Journ\u00e9es de l\u2019Entreprise &#8211; Ta\u00efeb Bayahi:  Renverser la table, s\u2019il le faut ! (Album Photos)"},"content":{"rendered":"<p>\u00abApr\u00e8s des ann\u00e9es d\u2019ivresse, le pays tout entier se l\u00e8ve avec la gueule de bois.\u00bb Cette paraphrase de Ta\u00efeb Bayahi, pr\u00e9sident de l\u2019IACE et un des plus importants entrepreneurs tunisiens, a fait rire toute la salle de conf\u00e9rences d\u00e8s son ouverture, ce vendredi matin \u00e0 9h30. On peut rire de joie, comme on peut rire du malheur. \u00abLa Tunisie conna\u00eet aujourd\u2019hui une crise \u00e9conomique, sociale et financi\u00e8re profonde\u00bb, pr\u00e9cise-t-il.<\/p>\n<p>La crise est en fait existentielle puisqu\u2019elle frappe aussi bien l\u2019Etat et les entreprises que les citoyens : elle est due au surendettement, au d\u00e9r\u00e8glement g\u00e9n\u00e9ral de la vie depuis 2011. Les valeurs \u2013 si ch\u00e8res \u00e0 Ta\u00efeb Bayahi \u2013 qui sont \u00ab\u00a0 travail, pers\u00e9v\u00e9rance et d\u00e9vouement\u00bb &#8211; ont \u00e9t\u00e9 tellement malmen\u00e9es qu\u2019elles sont devenues des denr\u00e9es rares.<\/p>\n<p>\u00abIl faut en \u00eatre conscient\u00bb, mart\u00e8le-t-il \u00e0 la tribune. \u00abCar on ne peut plus continuer \u00e0 louvoyer. Il ne faut pas seulement dire la v\u00e9rit\u00e9, il faut agir sans plus tarder. Finis les calculs \u2018politiciens\u2019 des \u00e9lus, des ministres comme des syndicalistes. Mais il est illusoire de pr\u00e9tendre que le gouvernement \u00e0 lui seul va r\u00e9soudre le probl\u00e8me. Et que les rem\u00e8des ne seront pas douloureux.\u00bb<\/p>\n<p>La Tunisie toute enti\u00e8re \u2013 et les plus d\u00e9munis en premier \u2013 attendent \u00ab une vision claire\u00bb, \u00abune nouvelle dynamique\u00bb pour notre \u00ab merveilleux pays\u00bb. Pour cela, il faut un programme de travail auquel la majorit\u00e9 des Tunisiens adh\u00e8rent. Un \u00abnouvel \u00e9lan collectif\u00bb, seul \u00e0 m\u00eame de restaurer la dignit\u00e9 et la primaut\u00e9 des valeurs morales afin de recr\u00e9er des emplois pour des centaines de milliers de Tunisiens au ch\u00f4mage.<\/p>\n<p>La Tunisie y arrivera par un \u00abdialogue sinc\u00e8re, franc et loyal. Et, s\u2019il le faut, en renversant table. Car il y va de la survie notre pays et de notre ind\u00e9pendance.\u00bb<\/p>\n<p class=\"c3\"><strong>Samir Gharbi<\/strong><\/p>\n<p class=\"c4\"><strong>Lire aussi<\/strong><\/p>\n<p class=\"c4\"><a href=\"https:\/\/www.leaders.com.tn\/article\/28572-conference-iace-une-etoile-est-nee\" target=\"_blank\" rel=\"noopener noreferrer\">Journ\u00e9es de l&rsquo;Entreprise : Une \u00e9toile est n\u00e9e \u00e0 El Kantaoui, Aya Ben Saad (Album photos)<\/a><\/p>\n<p class=\"c4\"><a href=\"https:\/\/www.leaders.com.tn\/article\/28558-a-l-occasion-des-journees-de-l-iace-competitivite-oh-miroir-mon-beau-miroir\" target=\"_blank\" rel=\"noopener noreferrer\">A l\u2019occasion des Journ\u00e9es de l\u2019IACE &#8211; Comp\u00e9titivit\u00e9: \u00ab\u00d4 miroir, mon beau miroir\u2026 \u00bb<\/a><\/p>\n<p class=\"c4\"><a href=\"https:\/\/www.leaders.com.tn\/article\/28555-iace-un-lanceur-d-alerte-tunisien\" target=\"_blank\" rel=\"noopener noreferrer\">Samir Gharbi &#8211; IACE : un lanceur d\u2019alerte tunisien?<\/a><\/p>\n<p class=\"c4\">\u00a0<\/p>\n<p>Auteur:<br \/>\n<a href=\"https:\/\/www.leaders.com.tn\/article\/28573-journees-de-l-entreprise-taieb-bayahi-renverser-la-table-s-il-le-faut\">Cliquez ici pour lire l&rsquo;article depuis sa source.<\/a><\/p>\n","protected":false},"excerpt":{"rendered":"<p>\u00abApr\u00e8s des ann\u00e9es d\u2019ivresse, le pays tout entier se l\u00e8ve avec la gueule de bois.\u00bb Cette paraphrase de Ta\u00efeb Bayahi, pr\u00e9sident de l\u2019IACE et un des plus importants entrepreneurs tunisiens, a fait rire toute la salle de conf\u00e9rences d\u00e8s son ouverture, ce vendredi matin \u00e0 9h30. On peut rire de joie, comme on peut rire [&hellip;]<\/p>\n","protected":false},"author":1772,"featured_media":0,"comment_status":"closed","ping_status":"closed","sticky":false,"template":"","format":"standard","meta":{"fifu_image_url":"","fifu_image_alt":"","footnotes":""},"categories":[73,55],"tags":[],"class_list":["post-69507","post","type-post","status-publish","format-standard","hentry","category-actualite","category-tunisie"],"_links":{"self":[{"href":"https:\/\/linitiative.ca\/International\/wp-json\/wp\/v2\/posts\/69507","targetHints":{"allow":["GET"]}}],"collection":[{"href":"https:\/\/linitiative.ca\/International\/wp-json\/wp\/v2\/posts"}],"about":[{"href":"https:\/\/linitiative.ca\/International\/wp-json\/wp\/v2\/types\/post"}],"author":[{"embeddable":true,"href":"https:\/\/linitiative.ca\/International\/wp-json\/wp\/v2\/users\/1772"}],"replies":[{"embeddable":true,"href":"https:\/\/linitiative.ca\/International\/wp-json\/wp\/v2\/comments?post=69507"}],"version-history":[{"count":0,"href":"https:\/\/linitiative.ca\/International\/wp-json\/wp\/v2\/posts\/69507\/revisions"}],"wp:attachment":[{"href":"https:\/\/linitiative.ca\/International\/wp-json\/wp\/v2\/media?parent=69507"}],"wp:term":[{"taxonomy":"category","embeddable":true,"href":"https:\/\/linitiative.ca\/International\/wp-json\/wp\/v2\/categories?post=69507"},{"taxonomy":"post_tag","embeddable":true,"href":"https:\/\/linitiative.ca\/International\/wp-json\/wp\/v2\/tags?post=69507"}],"curies":[{"name":"wp","href":"https:\/\/api.w.org\/{rel}","templated":true}]}}