{"id":69512,"date":"2019-12-06T13:30:31","date_gmt":"2019-12-06T18:30:31","guid":{"rendered":"https:\/\/linitiative.ca\/International\/al-boraq-la-transformation-en-marche\/"},"modified":"2019-12-06T13:30:31","modified_gmt":"2019-12-06T18:30:31","slug":"al-boraq-la-transformation-en-marche","status":"publish","type":"post","link":"https:\/\/linitiative.ca\/International\/al-boraq-la-transformation-en-marche\/","title":{"rendered":"Al Boraq, la transformation en marche"},"content":{"rendered":"<p><strong>Apr\u00e8s la c\u00e9l\u00e9bration du premier anniversaire de la mise en service d\u2019Al Boraq en novembre 2018, l\u2019Office National des Chemins de Fer (ONCF) a organis\u00e9 \u00e0 Rabat, en collaboration avec l\u2019Union Internationale des Chemins de Fer (UIC), le 27 novembre 2019, la deuxi\u00e8me \u00e9dition du Colloque de la grande vitesse ferroviaire au Maroc. L\u2019\u00e9v\u00e9nement qui avait pour th\u00e8me \u00ab Al Boraq, vecteur de mutations multi-facettes ! \u00bb, a surtout permis de mettre l\u2019accent sur les r\u00e9percussions positives de la LGV sur le d\u00e9veloppement \u00e9conomique et social.\u00a0 \u00a0<\/strong><\/p>\n<div class=\"c10\"\/>\n<p><em>\u00abAu terme de plusieurs ann\u00e9es de travail acharn\u00e9 et de mobilisation constante et commune \u00e0 tous les niveaux pour relever des d\u00e9fis sans pareil et de s\u00e9rieux challenges sur les plans technologique, \u00e9conomique industriel et humain, Al Boraq est aujourd\u2019hui une fiert\u00e9 de toute la nation. Ce qui revient \u00e0 dire qu\u2019il y a bien un avant Al Boraq et un apr\u00e8s Al Boraq<\/em>\u00bb, a soulign\u00e9 Abdelkader Amara, ministre de l\u2019Equipement, du Transport, de la Logistique et de l\u2019Eau, qui estime que si la grande vitesse ferroviaire est consid\u00e9r\u00e9e par bien des pays qui l\u2019ont adopt\u00e9e, comme une technologie de pointe au service du d\u00e9veloppement \u00e9conomique et un instrument majeur de l\u2019am\u00e9nagement du territoire, il n\u2019en demeure pas moins que tout le monde s\u2019accorde \u00e0 reconna\u00eetre que dans son sillage, elle apporte \u00e9galement un savoir-faire ind\u00e9niable \u00e0 valoriser et s\u2019impose comme un vecteur de la \u00abtransition \u00e9nerg\u00e9tique \u00bb, un outil de relance technologique, industrielle voire un r\u00e9el catalyseur du secteur touristique.<\/p>\n<p>Toutefois, le ministre a tenu \u00e0 pr\u00e9ciser qu\u2019il n\u2019y a pas de relation syst\u00e9matique de cause \u00e0 effet entre le lancement de la LGV et le d\u00e9veloppement des territoires. <em>\u00abChaque mod\u00e8le reste tributaire des sp\u00e9cificit\u00e9s du pays et des mesures ad\u00e9quates d\u2019accompagnement. Les diff\u00e9rents acteurs ont la responsabilit\u00e9 de cr\u00e9er les conditions favorables \u00e0 la mise en r\u00e9sonance de l\u2019effet grande vitesse pour que chaque partie prenante puisse en tirer les meilleurs avantages et capter la valeur cr\u00e9\u00e9e par ce mode novateur\u00bb<\/em>, dit-il.<\/p>\n<p>Quoi qu\u2019il en soit, ajoute-t-il, le mode ferroviaire marocain a v\u00e9cu un tournant historique suite \u00e0 la concr\u00e9tisation d\u2019importants programmes d\u2019investissement compatibles et int\u00e9gr\u00e9s pour lesquels notre pays a mobilis\u00e9 plus de 70 milliards de DH entre 2000 et 2018\u2026<\/p>\n<p>Lire la suite dans votre magazine Challenge en vente dans tous les points de presse.<\/p>\n<p><img decoding=\"async\" src=\"https:\/\/www.challenge.ma\/wp-content\/uploads\/2019\/12\/1-Couverture-720-ok-1-786x1024.jpg\" alt=\"\" class=\"wp-image-124906\" srcset=\"https:\/\/www.challenge.ma\/wp-content\/uploads\/2019\/12\/1-Couverture-720-ok-1-786x1024.jpg 786w, https:\/\/www.challenge.ma\/wp-content\/uploads\/2019\/12\/1-Couverture-720-ok-1-230x300.jpg 230w, https:\/\/www.challenge.ma\/wp-content\/uploads\/2019\/12\/1-Couverture-720-ok-1-768x1001.jpg 768w, https:\/\/www.challenge.ma\/wp-content\/uploads\/2019\/12\/1-Couverture-720-ok-1-360x469.jpg 360w, https:\/\/www.challenge.ma\/wp-content\/uploads\/2019\/12\/1-Couverture-720-ok-1-750x977.jpg 750w, https:\/\/www.challenge.ma\/wp-content\/uploads\/2019\/12\/1-Couverture-720-ok-1.jpg 921w\" sizes=\"(max-width: 786px) 100vw, 786px\"\/><\/p>\n<div class=\"c17\">\n<fieldset class=\"c16\">\n<legend><strong><span class=\"c11\">Challenge<\/span><span class=\"c12\">news<\/span><\/strong><\/legend>\n<div class=\"c15\">Le meilleur de Challenge s\u00e9lectionn\u00e9 par la r\u00e9daction :<\/p>\n<\/div>\n<\/fieldset>\n<\/div>\n<p>Auteur: Adama Sylla<br \/>\n<a href=\"https:\/\/www.challenge.ma\/al-boraq-la-transformation-en-marche-125014\/\">Cliquez ici pour lire l&rsquo;article depuis sa source.<\/a><\/p>\n","protected":false},"excerpt":{"rendered":"<p>Apr\u00e8s la c\u00e9l\u00e9bration du premier anniversaire de la mise en service d\u2019Al Boraq en novembre 2018, l\u2019Office National des Chemins de Fer (ONCF) a organis\u00e9 \u00e0 Rabat, en collaboration avec l\u2019Union Internationale des Chemins de Fer (UIC), le 27 novembre 2019, la deuxi\u00e8me \u00e9dition du Colloque de la grande vitesse ferroviaire au Maroc. L\u2019\u00e9v\u00e9nement qui [&hellip;]<\/p>\n","protected":false},"author":1787,"featured_media":69513,"comment_status":"closed","ping_status":"closed","sticky":false,"template":"","format":"standard","meta":{"fifu_image_url":"","fifu_image_alt":"","footnotes":""},"categories":[78,54],"tags":[],"class_list":["post-69512","post","type-post","status-publish","format-standard","has-post-thumbnail","hentry","category-economie","category-maroc"],"_links":{"self":[{"href":"https:\/\/linitiative.ca\/International\/wp-json\/wp\/v2\/posts\/69512","targetHints":{"allow":["GET"]}}],"collection":[{"href":"https:\/\/linitiative.ca\/International\/wp-json\/wp\/v2\/posts"}],"about":[{"href":"https:\/\/linitiative.ca\/International\/wp-json\/wp\/v2\/types\/post"}],"author":[{"embeddable":true,"href":"https:\/\/linitiative.ca\/International\/wp-json\/wp\/v2\/users\/1787"}],"replies":[{"embeddable":true,"href":"https:\/\/linitiative.ca\/International\/wp-json\/wp\/v2\/comments?post=69512"}],"version-history":[{"count":0,"href":"https:\/\/linitiative.ca\/International\/wp-json\/wp\/v2\/posts\/69512\/revisions"}],"wp:featuredmedia":[{"embeddable":true,"href":"https:\/\/linitiative.ca\/International\/wp-json\/"}],"wp:attachment":[{"href":"https:\/\/linitiative.ca\/International\/wp-json\/wp\/v2\/media?parent=69512"}],"wp:term":[{"taxonomy":"category","embeddable":true,"href":"https:\/\/linitiative.ca\/International\/wp-json\/wp\/v2\/categories?post=69512"},{"taxonomy":"post_tag","embeddable":true,"href":"https:\/\/linitiative.ca\/International\/wp-json\/wp\/v2\/tags?post=69512"}],"curies":[{"name":"wp","href":"https:\/\/api.w.org\/{rel}","templated":true}]}}