{"id":69516,"date":"2019-12-06T16:26:39","date_gmt":"2019-12-06T21:26:39","guid":{"rendered":"https:\/\/linitiative.ca\/International\/tunisie-ghannouchi-tranche-dans-la-dispute-entre-les-deputees-abir-moussi-et-jamila-ksiksi-et-dans-le-sit-in-au-sein-de-larp\/"},"modified":"2019-12-06T16:26:39","modified_gmt":"2019-12-06T21:26:39","slug":"tunisie-ghannouchi-tranche-dans-la-dispute-entre-les-deputees-abir-moussi-et-jamila-ksiksi-et-dans-le-sit-in-au-sein-de-larp","status":"publish","type":"post","link":"https:\/\/linitiative.ca\/International\/tunisie-ghannouchi-tranche-dans-la-dispute-entre-les-deputees-abir-moussi-et-jamila-ksiksi-et-dans-le-sit-in-au-sein-de-larp\/","title":{"rendered":"Tunisie \u2013 Ghannouchi tranche dans la dispute entre les d\u00e9put\u00e9es Abir Moussi et Jamila Ksiksi, et dans le sit-in au sein de l\u2019ARP"},"content":{"rendered":"<div class=\"post-cont-in left relative\">\n<div class=\"swp_social_panel swp_horizontal_panel swp_flat_fresh swp_default_full_color swp_individual_full_color swp_other_full_color scale-100 scale-\" data-min-width=\"1100\" data-float-color=\"#ffffff\" data-float=\"none\" data-float-mobile=\"none\" data-transition=\"slide\">\n<div class=\"nc_tweetContainer swp_share_button total_shares total_sharesalt\"><span class=\"swp_count\">9 <span class=\"swp_label\">Partages<\/span><\/span><\/div>\n<\/div>\n<p>Le pr\u00e9sident de l\u2019ARP, Rached Ghanouchi a demand\u00e9 aux d\u00e9put\u00e9es Abir Moussi et Jamila Ksiksi, de r\u00e9gler leurs probl\u00e8mes et de d\u00e9passer leurs d\u00e9saccords, d\u2019ici \u00e0 demain midi.<\/p>\n<div class=\"code-block code-block-1 c3\"><ins class=\"adsbygoogle c2\" data-ad-layout=\"in-article\" data-ad-format=\"fluid\" data-ad-client=\"ca-pub-2102118777505746\" data-ad-slot=\"7301775417\"\/> <\/div>\n<p>Il a, par ailleurs d\u00e9clar\u00e9 que les d\u00e9put\u00e9s qui sont en sit-in au sein de l\u2019ARP, doivent lib\u00e9rer la salle des pl\u00e9ni\u00e8res et les salles des commissions. Il a ajout\u00e9 qu\u2019il respecte leur droit pour protester, mais ils peuvent le faire dans les espaces communs de l\u2019ARP.<\/p>\n<p>Ghannouchi a pr\u00e9venu qu\u2019en cas de non-respect de ces recommandations, la pr\u00e9sidence de l\u2019assembl\u00e9e allait faire appliquer la loi, conform\u00e9ment au r\u00e8glement interne de l\u2019ARP.<\/p>\n<p><strong>Que se passe-t-il en Tunisie?<\/strong><br \/>Nous expliquons sur notre <a href=\"https:\/\/www.youtube.com\/channel\/UCRzypVq0B_yBad5eGrwBx0Q?sub_confirmation=1\" target=\"_blank\" rel=\"noopener noreferrer\">cha\u00eene YouTube<\/a> . <a href=\"https:\/\/www.youtube.com\/channel\/UCRzypVq0B_yBad5eGrwBx0Q?sub_confirmation=1\" target=\"_blank\" rel=\"noopener noreferrer\">Abonnez-vous!<\/a><\/p>\n<div class=\"mvp-org-wrap mvp-org-logo\" itemprop=\"publisher\" itemscope=\"\" itemtype=\"https:\/\/schema.org\/Organization\"><img decoding=\"async\" src=\"https:\/\/www.tunisienumerique.com\/wp-content\/uploads\/2017\/02\/logo_tunisie_numerique.png\"\/><\/div>\n<div class=\"swp_social_panel swp_horizontal_panel swp_flat_fresh swp_default_full_color swp_individual_full_color swp_other_full_color scale-100 scale-\" data-min-width=\"1100\" data-float-color=\"#ffffff\" data-float=\"none\" data-float-mobile=\"none\" data-transition=\"slide\">\n<div class=\"nc_tweetContainer swp_share_button total_shares total_sharesalt\"><span class=\"swp_count\">9 <span class=\"swp_label\">Partages<\/span><\/span><\/div>\n<\/div>\n<div class=\"mvp-related-posts left relative\">\n<h4 class=\"post-header\"><span class=\"post-header\">Lire aussi<\/span><\/h4>\n<\/div>\n<\/div>\n<p>Auteur: LM<br \/>\n<a href=\"https:\/\/www.tunisienumerique.com\/tunisie-ghannouchi-tranche-dans-la-dispute-entre-les-deputees-abir-moussi-et-jamila-ksiksi-et-dans-le-sit-in-au-sein-de-larp\/\">Cliquez ici pour lire l&rsquo;article depuis sa source.<\/a><\/p>\n","protected":false},"excerpt":{"rendered":"<p>9 Partages Le pr\u00e9sident de l\u2019ARP, Rached Ghanouchi a demand\u00e9 aux d\u00e9put\u00e9es Abir Moussi et Jamila Ksiksi, de r\u00e9gler leurs probl\u00e8mes et de d\u00e9passer leurs d\u00e9saccords, d\u2019ici \u00e0 demain midi. Il a, par ailleurs d\u00e9clar\u00e9 que les d\u00e9put\u00e9s qui sont en sit-in au sein de l\u2019ARP, doivent lib\u00e9rer la salle des pl\u00e9ni\u00e8res et les salles [&hellip;]<\/p>\n","protected":false},"author":1789,"featured_media":69517,"comment_status":"closed","ping_status":"closed","sticky":false,"template":"","format":"standard","meta":{"fifu_image_url":"","fifu_image_alt":"","footnotes":""},"categories":[73,55],"tags":[],"class_list":["post-69516","post","type-post","status-publish","format-standard","has-post-thumbnail","hentry","category-actualite","category-tunisie"],"_links":{"self":[{"href":"https:\/\/linitiative.ca\/International\/wp-json\/wp\/v2\/posts\/69516","targetHints":{"allow":["GET"]}}],"collection":[{"href":"https:\/\/linitiative.ca\/International\/wp-json\/wp\/v2\/posts"}],"about":[{"href":"https:\/\/linitiative.ca\/International\/wp-json\/wp\/v2\/types\/post"}],"author":[{"embeddable":true,"href":"https:\/\/linitiative.ca\/International\/wp-json\/wp\/v2\/users\/1789"}],"replies":[{"embeddable":true,"href":"https:\/\/linitiative.ca\/International\/wp-json\/wp\/v2\/comments?post=69516"}],"version-history":[{"count":0,"href":"https:\/\/linitiative.ca\/International\/wp-json\/wp\/v2\/posts\/69516\/revisions"}],"wp:featuredmedia":[{"embeddable":true,"href":"https:\/\/linitiative.ca\/International\/wp-json\/"}],"wp:attachment":[{"href":"https:\/\/linitiative.ca\/International\/wp-json\/wp\/v2\/media?parent=69516"}],"wp:term":[{"taxonomy":"category","embeddable":true,"href":"https:\/\/linitiative.ca\/International\/wp-json\/wp\/v2\/categories?post=69516"},{"taxonomy":"post_tag","embeddable":true,"href":"https:\/\/linitiative.ca\/International\/wp-json\/wp\/v2\/tags?post=69516"}],"curies":[{"name":"wp","href":"https:\/\/api.w.org\/{rel}","templated":true}]}}