{"id":69518,"date":"2019-12-06T16:46:17","date_gmt":"2019-12-06T21:46:17","guid":{"rendered":"https:\/\/linitiative.ca\/International\/tunisie-ghannouchi-va-t-il-faire-appel-a-la-garde-presidentielle-pour-evacuer-les-deputes-e-sit-in\/"},"modified":"2019-12-06T16:46:17","modified_gmt":"2019-12-06T21:46:17","slug":"tunisie-ghannouchi-va-t-il-faire-appel-a-la-garde-presidentielle-pour-evacuer-les-deputes-e-sit-in","status":"publish","type":"post","link":"https:\/\/linitiative.ca\/International\/tunisie-ghannouchi-va-t-il-faire-appel-a-la-garde-presidentielle-pour-evacuer-les-deputes-e-sit-in\/","title":{"rendered":"Tunisie \u2013 Ghannouchi va-t-il faire appel \u00e0 la garde pr\u00e9sidentielle pour \u00e9vacuer les d\u00e9put\u00e9s e sit-in"},"content":{"rendered":"<div class=\"post-cont-in left relative\">\n<div class=\"swp_social_panel swp_horizontal_panel swp_flat_fresh swp_default_full_color swp_individual_full_color swp_other_full_color scale-100 scale-\" data-min-width=\"1100\" data-float-color=\"#ffffff\" data-float=\"none\" data-float-mobile=\"none\" data-transition=\"slide\">\n<div class=\"nc_tweetContainer swp_share_button total_shares total_sharesalt\"><span class=\"swp_count\">36 <span class=\"swp_label\">Partages<\/span><\/span><\/div>\n<\/div>\n<p>Des sources aupr\u00e8s de la direction de la garde pr\u00e9sidentielles ont assur\u00e9 que ses agents ne sont pas habilit\u00e9s \u00e0 intervenir pour \u00e9vacuer par la force les d\u00e9put\u00e9s en sit-in au sein de l\u2019ARP.<\/p>\n<div class=\"code-block code-block-1 c3\"><ins class=\"adsbygoogle c2\" data-ad-layout=\"in-article\" data-ad-format=\"fluid\" data-ad-client=\"ca-pub-2102118777505746\" data-ad-slot=\"7301775417\"\/> <\/div>\n<p>La m\u00eame source a assur\u00e9 que dans le cas d\u2019une telle intervention, les agents\u00a0ne sont pas couverts par la loi, ajoutant que leur r\u00f4le \u00e0 l\u2019ARP se limite \u00e0 assurer la s\u00e9curit\u00e9 du pr\u00e9sident de l\u2019Assembl\u00e9e et les locaux.<\/p>\n<p><strong>Que se passe-t-il en Tunisie?<\/strong><br \/>Nous expliquons sur notre <a href=\"https:\/\/www.youtube.com\/channel\/UCRzypVq0B_yBad5eGrwBx0Q?sub_confirmation=1\" target=\"_blank\" rel=\"noopener noreferrer\">cha\u00eene YouTube<\/a> . <a href=\"https:\/\/www.youtube.com\/channel\/UCRzypVq0B_yBad5eGrwBx0Q?sub_confirmation=1\" target=\"_blank\" rel=\"noopener noreferrer\">Abonnez-vous!<\/a><\/p>\n<div class=\"mvp-org-wrap mvp-org-logo\" itemprop=\"publisher\" itemscope=\"\" itemtype=\"https:\/\/schema.org\/Organization\"><img decoding=\"async\" src=\"https:\/\/www.tunisienumerique.com\/wp-content\/uploads\/2017\/02\/logo_tunisie_numerique.png\"\/><\/div>\n<div class=\"swp_social_panel swp_horizontal_panel swp_flat_fresh swp_default_full_color swp_individual_full_color swp_other_full_color scale-100 scale-\" data-min-width=\"1100\" data-float-color=\"#ffffff\" data-float=\"none\" data-float-mobile=\"none\" data-transition=\"slide\">\n<div class=\"nc_tweetContainer swp_share_button total_shares total_sharesalt\"><span class=\"swp_count\">36 <span class=\"swp_label\">Partages<\/span><\/span><\/div>\n<\/div>\n<div class=\"mvp-related-posts left relative\">\n<h4 class=\"post-header\"><span class=\"post-header\">Lire aussi<\/span><\/h4>\n<\/div>\n<\/div>\n<p>Auteur: LM<br \/>\n<a href=\"https:\/\/www.tunisienumerique.com\/tunisie-ghannouchi-va-t-il-faire-appel-a-la-garde-presidentielle-pour-evacuer-les-deputes-e-sit-in\/\">Cliquez ici pour lire l&rsquo;article depuis sa source.<\/a><\/p>\n","protected":false},"excerpt":{"rendered":"<p>36 Partages Des sources aupr\u00e8s de la direction de la garde pr\u00e9sidentielles ont assur\u00e9 que ses agents ne sont pas habilit\u00e9s \u00e0 intervenir pour \u00e9vacuer par la force les d\u00e9put\u00e9s en sit-in au sein de l\u2019ARP. La m\u00eame source a assur\u00e9 que dans le cas d\u2019une telle intervention, les agents\u00a0ne sont pas couverts par la [&hellip;]<\/p>\n","protected":false},"author":1789,"featured_media":69519,"comment_status":"closed","ping_status":"closed","sticky":false,"template":"","format":"standard","meta":{"fifu_image_url":"","fifu_image_alt":"","footnotes":""},"categories":[73,55],"tags":[],"class_list":["post-69518","post","type-post","status-publish","format-standard","has-post-thumbnail","hentry","category-actualite","category-tunisie"],"_links":{"self":[{"href":"https:\/\/linitiative.ca\/International\/wp-json\/wp\/v2\/posts\/69518","targetHints":{"allow":["GET"]}}],"collection":[{"href":"https:\/\/linitiative.ca\/International\/wp-json\/wp\/v2\/posts"}],"about":[{"href":"https:\/\/linitiative.ca\/International\/wp-json\/wp\/v2\/types\/post"}],"author":[{"embeddable":true,"href":"https:\/\/linitiative.ca\/International\/wp-json\/wp\/v2\/users\/1789"}],"replies":[{"embeddable":true,"href":"https:\/\/linitiative.ca\/International\/wp-json\/wp\/v2\/comments?post=69518"}],"version-history":[{"count":0,"href":"https:\/\/linitiative.ca\/International\/wp-json\/wp\/v2\/posts\/69518\/revisions"}],"wp:featuredmedia":[{"embeddable":true,"href":"https:\/\/linitiative.ca\/International\/wp-json\/"}],"wp:attachment":[{"href":"https:\/\/linitiative.ca\/International\/wp-json\/wp\/v2\/media?parent=69518"}],"wp:term":[{"taxonomy":"category","embeddable":true,"href":"https:\/\/linitiative.ca\/International\/wp-json\/wp\/v2\/categories?post=69518"},{"taxonomy":"post_tag","embeddable":true,"href":"https:\/\/linitiative.ca\/International\/wp-json\/wp\/v2\/tags?post=69518"}],"curies":[{"name":"wp","href":"https:\/\/api.w.org\/{rel}","templated":true}]}}