{"id":69522,"date":"2019-12-06T17:12:04","date_gmt":"2019-12-06T22:12:04","guid":{"rendered":"https:\/\/linitiative.ca\/International\/tunisie-le-piege-des-ministres-supposes-independants\/"},"modified":"2019-12-06T17:12:04","modified_gmt":"2019-12-06T22:12:04","slug":"tunisie-le-piege-des-ministres-supposes-independants","status":"publish","type":"post","link":"https:\/\/linitiative.ca\/International\/tunisie-le-piege-des-ministres-supposes-independants\/","title":{"rendered":"Tunisie \u2013 Le pi\u00e8ge des ministres suppos\u00e9s ind\u00e9pendants\u00a0!"},"content":{"rendered":"<div class=\"post-cont-in left relative\">\n<div class=\"swp_social_panel swp_horizontal_panel swp_flat_fresh swp_default_full_color swp_individual_full_color swp_other_full_color scale-100 scale-\" data-min-width=\"1100\" data-float-color=\"#ffffff\" data-float=\"none\" data-float-mobile=\"none\" data-transition=\"slide\">\n<div class=\"nc_tweetContainer swp_share_button total_shares total_sharesalt\"><span class=\"swp_count\">1 <span class=\"swp_label\">Partages<\/span><\/span><\/div>\n<\/div>\n<p>Le chef du gouvernement charg\u00e9, Habib Jemli, n\u2019arr\u00eate pas de le r\u00e9p\u00e9ter \u00e0 qui veut l\u2019entendre, la plupart de ses ministres seront des comp\u00e9tences ind\u00e9pendantes. Or ce qui est en train de se passer \u00e0 Dar Dhiafa, et dans les coulisses des pourparlers pour la formation du gouvernement, laisse comprendre que les prochains ministres seront tr\u00e8s loin d\u2019\u00eatre ind\u00e9pendants.<\/p>\n<div class=\"code-block code-block-1 c3\"><ins class=\"adsbygoogle c2\" data-ad-layout=\"in-article\" data-ad-format=\"fluid\" data-ad-client=\"ca-pub-2102118777505746\" data-ad-slot=\"7301775417\"\/> <\/div>\n<p>En effet, il a \u00e9t\u00e9 entendu, du moins, entre les deux principaux partis qui vont entrer dans la composition du gouvernement, que les personnalit\u00e9s qu\u2019ils vont proposer doivent ne pas \u00eatre connues comme \u00e9tant des membres de premier rang de ces partis. Mais ceci n\u2019emp\u00eache pas que ces ministres resteront au service des directions des partis qui les auront propos\u00e9s, et s\u2019\u00e9vertueront \u00e0 mettre en \u0153uvre leurs projets.<\/p>\n<p>Or cette fa\u00e7on de d\u00e9signer des ministres suppos\u00e9s ind\u00e9pendants, alors qu\u2019ils ne le sont pas, est plus que b\u00e9n\u00e9fique pour les partis. Premi\u00e8rement \u00e7\u00e0 leur permettra de gouverner sans le crier sur les toits. Ensuite, en cas d\u2019\u00e9chec de ce gouvernement, personne ne pourra demander des comptes \u00e0 ces partis, qui vont pr\u00e9tendre que cet \u00e9chec est celui du gouvernement et des ministres qui sont ind\u00e9pendants.<\/p>\n<p>Or, en Tunisie, il est plus que temps, que ceux qui pr\u00e9tendent avoir gagn\u00e9 la confiance des tunisiens, pendant les derni\u00e8res \u00e9lections, assument leurs responsabilit\u00e9s et gouvernent de fa\u00e7on ouverte, pour que le peuple puisse les juger, ult\u00e9rieurement, selon les r\u00e9sultats de leur travail.<\/p>\n<p><strong>Que se passe-t-il en Tunisie?<\/strong><br \/>Nous expliquons sur notre <a href=\"https:\/\/www.youtube.com\/channel\/UCRzypVq0B_yBad5eGrwBx0Q?sub_confirmation=1\" target=\"_blank\" rel=\"noopener noreferrer\">cha\u00eene YouTube<\/a> . <a href=\"https:\/\/www.youtube.com\/channel\/UCRzypVq0B_yBad5eGrwBx0Q?sub_confirmation=1\" target=\"_blank\" rel=\"noopener noreferrer\">Abonnez-vous!<\/a><\/p>\n<div class=\"mvp-org-wrap mvp-org-logo\" itemprop=\"publisher\" itemscope=\"\" itemtype=\"https:\/\/schema.org\/Organization\"><img decoding=\"async\" src=\"https:\/\/www.tunisienumerique.com\/wp-content\/uploads\/2017\/02\/logo_tunisie_numerique.png\"\/><\/div>\n<div class=\"swp_social_panel swp_horizontal_panel swp_flat_fresh swp_default_full_color swp_individual_full_color swp_other_full_color scale-100 scale-\" data-min-width=\"1100\" data-float-color=\"#ffffff\" data-float=\"none\" data-float-mobile=\"none\" data-transition=\"slide\">\n<div class=\"nc_tweetContainer swp_share_button total_shares total_sharesalt\"><span class=\"swp_count\">1 <span class=\"swp_label\">Partages<\/span><\/span><\/div>\n<\/div>\n<div class=\"mvp-related-posts left relative\">\n<h4 class=\"post-header\"><span class=\"post-header\">Lire aussi<\/span><\/h4>\n<\/div>\n<\/div>\n<p>Auteur: Saber .<br \/>\n<a href=\"https:\/\/www.tunisienumerique.com\/tunisie-le-piege-des-ministres-supposes-independants\/\">Cliquez ici pour lire l&rsquo;article depuis sa source.<\/a><\/p>\n","protected":false},"excerpt":{"rendered":"<p>1 Partages Le chef du gouvernement charg\u00e9, Habib Jemli, n\u2019arr\u00eate pas de le r\u00e9p\u00e9ter \u00e0 qui veut l\u2019entendre, la plupart de ses ministres seront des comp\u00e9tences ind\u00e9pendantes. Or ce qui est en train de se passer \u00e0 Dar Dhiafa, et dans les coulisses des pourparlers pour la formation du gouvernement, laisse comprendre que les prochains [&hellip;]<\/p>\n","protected":false},"author":1789,"featured_media":69523,"comment_status":"closed","ping_status":"closed","sticky":false,"template":"","format":"standard","meta":{"fifu_image_url":"","fifu_image_alt":"","footnotes":""},"categories":[73,55],"tags":[],"class_list":["post-69522","post","type-post","status-publish","format-standard","has-post-thumbnail","hentry","category-actualite","category-tunisie"],"_links":{"self":[{"href":"https:\/\/linitiative.ca\/International\/wp-json\/wp\/v2\/posts\/69522","targetHints":{"allow":["GET"]}}],"collection":[{"href":"https:\/\/linitiative.ca\/International\/wp-json\/wp\/v2\/posts"}],"about":[{"href":"https:\/\/linitiative.ca\/International\/wp-json\/wp\/v2\/types\/post"}],"author":[{"embeddable":true,"href":"https:\/\/linitiative.ca\/International\/wp-json\/wp\/v2\/users\/1789"}],"replies":[{"embeddable":true,"href":"https:\/\/linitiative.ca\/International\/wp-json\/wp\/v2\/comments?post=69522"}],"version-history":[{"count":0,"href":"https:\/\/linitiative.ca\/International\/wp-json\/wp\/v2\/posts\/69522\/revisions"}],"wp:featuredmedia":[{"embeddable":true,"href":"https:\/\/linitiative.ca\/International\/wp-json\/"}],"wp:attachment":[{"href":"https:\/\/linitiative.ca\/International\/wp-json\/wp\/v2\/media?parent=69522"}],"wp:term":[{"taxonomy":"category","embeddable":true,"href":"https:\/\/linitiative.ca\/International\/wp-json\/wp\/v2\/categories?post=69522"},{"taxonomy":"post_tag","embeddable":true,"href":"https:\/\/linitiative.ca\/International\/wp-json\/wp\/v2\/tags?post=69522"}],"curies":[{"name":"wp","href":"https:\/\/api.w.org\/{rel}","templated":true}]}}