{"id":69524,"date":"2019-12-06T12:50:06","date_gmt":"2019-12-06T17:50:06","guid":{"rendered":"https:\/\/linitiative.ca\/International\/sur-la-rampe-de-selection-a-auschwitz-la-honte-profonde-dune-chanceliere\/"},"modified":"2019-12-06T12:50:06","modified_gmt":"2019-12-06T17:50:06","slug":"sur-la-rampe-de-selection-a-auschwitz-la-honte-profonde-dune-chanceliere","status":"publish","type":"post","link":"https:\/\/linitiative.ca\/International\/sur-la-rampe-de-selection-a-auschwitz-la-honte-profonde-dune-chanceliere\/","title":{"rendered":"Sur la rampe de \u00ab\u00a0s\u00e9lection\u00a0\u00bb \u00e0 Auschwitz, la \u00ab\u00a0honte profonde\u00a0\u00bb d\u2019une chanceli\u00e8re"},"content":{"rendered":"<div readability=\"32\">\n<p>Publi\u00e9 le 06.12.2019 \u00e0 18h50 par AFP<\/p>\n<\/div>\n<div readability=\"160\">\n<p>Le visage ferm\u00e9, tout de noir v\u00eatue, la chanceli\u00e8re allemande s\u2019avance en silence le long de la rampe d\u2019Auschwitz-Birkenau, l\u00e0 o\u00f9 les d\u00e9port\u00e9s \u00e9taient \u201cs\u00e9lectionn\u00e9s\u201d \u00e0 leur arriv\u00e9e dans ce camp d\u2019extermination nazi, devenu synonyme du Mal absolu.<\/p>\n<p>Les plus jeunes, les plus faibles et les plus \u00e2g\u00e9s \u00e9taient imm\u00e9diatement envoy\u00e9s \u00e0 la mort dans les chambres \u00e0 gaz.<\/p>\n<p>Pour sa premi\u00e8re visite vendredi dans cet ancien camp nazi situ\u00e9 dans la Pologne actuelle, Angela Merkel a reconnu qu\u2019il lui \u00e9tait \u00ab\u00a0tout sauf facile\u00a0\u00bb de se tenir dans ce lieu en raison de \u00ab\u00a0la honte profonde\u00a0\u00bb qui l\u2019habite face aux \u00ab\u00a0crimes commis par des Allemands\u00a0\u00bb.<\/p>\n<p>\u00ab\u00a0Des crimes\u00a0\u00bb, a-t-elle insist\u00e9, la voix alt\u00e9r\u00e9e par l\u2019\u00e9motion, \u00ab\u00a0qui d\u00e9passent les limites de ce qui est concevable\u00a0\u00bb.<\/p>\n<p>Sur la rampe, la dirigeante allemande, n\u00e9e neuf ans apr\u00e8s la fin de la Seconde guerre mondiale, s\u2019arr\u00eate longuement devant un wagon \u00e0 bestiaux, l\u2019un de ceux qui ont transport\u00e9 plus d\u2019un million de personnes, principalement des Juifs, assassin\u00e9es dans ce camp fig\u00e9 par un froid sib\u00e9rien et dont l\u2019\u00e9tendue sid\u00e8re les visiteurs.<\/p>\n<p>\u2013 Fils barbel\u00e9s \u2013<\/p>\n<p>Des baraques, encadr\u00e9es de fils barbel\u00e9s et de poteaux en b\u00e9ton, ponctuent le long quai o\u00f9 arrivaient les trains.<\/p>\n<p>Des corbeaux planent au-dessus des arbres noirs et fam\u00e9liques, le sol est parsem\u00e9 de taches de neige verglac\u00e9e. Une lumi\u00e8re blanche, rasante, \u00e9claire l\u2019entr\u00e9e en briques rouges de Birkenau.<\/p>\n<p>A quelques m\u00e8tres de la chanceli\u00e8re sont expos\u00e9es \u00e0 ciel ouvert des photos en noir et blanc prises en 1944 par des SS allemands. Ces clich\u00e9s montrent des enfants, casquettes sur la t\u00eate, se tenant la main. \u00ab\u00a0Des Juifs s\u00e9lectionn\u00e9s par les SS pour une mort imm\u00e9diate dans les chambres \u00e0 gaz du cr\u00e9matorium IV et V\u00a0\u00bb, explique la l\u00e9gende.<\/p>\n<p>Parmi les enfants qui ont surv\u00e9cu \u00e0 Auschwitz, Bogdan Bartnikowski, qui avait 12 ans lorsqu\u2019il y fut d\u00e9port\u00e9 avec sa m\u00e8re, apr\u00e8s l\u2019insurrection de Varsovie le 12 ao\u00fbt 1944. Ag\u00e9 aujourd\u2019hui de 87 ans, le vieil homme a racont\u00e9 au cours d\u2019une c\u00e9r\u00e9monie les heures qui ont suivi son arriv\u00e9e \u00e0 Auschwitz et o\u00f9 il eut le sentiment de se retrouver dans une \u00ab\u00a0antichambre de l\u2019enfer\u00a0\u00bb.<\/p>\n<p>\u00ab\u00a0Ce fut un grand choc. Tout \u00e0 coup j\u2019ai d\u00fb me d\u00e9shabiller (\u2026) Toutes les femmes \u00e9taient nues, ma m\u00e8re \u00e9tait nue\u00a0\u00bb, a-t-il expliqu\u00e9.<\/p>\n<p>\u2013 \u00ab\u00a0Pas d\u2019autre issue\u00a0\u00bb \u2013<\/p>\n<p>Plus tard, des prisonniers promus kapos, charg\u00e9s d\u2019encadrer les d\u00e9port\u00e9s, lui diront, \u00e0 lui et \u00e0 d\u2019autres enfants: \u00ab\u00a0il n\u2019y a ici qu\u2019un chemin vers la libert\u00e9, celui qui passe par les chemin\u00e9es\u00a0\u00bb, celles des fours cr\u00e9matoires.<\/p>\n<p>Apr\u00e8s ce t\u00e9moignage bouleversant, Angela Merkel, accompagn\u00e9e notamment du Premier ministre polonais Mateusz Morawiecki et de repr\u00e9sentants de la communaut\u00e9 juive, a long\u00e9 les ruines des chambres \u00e0 gaz d\u00e9truites par les nazis avant que l\u2019Arm\u00e9e rouge ne lib\u00e8re Auschwitz-Birkenau le 27 janvier 1945.<\/p>\n<p>Les soldats sovi\u00e9tiques y avaient d\u00e9couvert des milliers de d\u00e9tenus hagards, affam\u00e9s, parmi lesquels l\u2019\u00e9crivain italien Primo Levi.<\/p>\n<p>Pr\u00e8s de 75 ans plus tard, le camp continue d\u2019attirer un nombre record de visiteurs. Parmi eux, des groupes scolaires qui franchissent, comme Angela Merkel en matin\u00e9e, le portail surmont\u00e9 de la sinistre devise nazie: \u00ab\u00a0Arbeit macht frei\u00a0\u00bb (\u00ab\u00a0Le travail rend libre\u00a0\u00bb).<\/p>\n<p>Pavel Chaloupecky, 40 ans, enseignant de fran\u00e7ais et d\u2019anglais dans un lyc\u00e9e de Prague, effectue sa quatri\u00e8me visite \u00e0 Auschwitz.<\/p>\n<p>\u00ab\u00a0La premi\u00e8re fois, ce fut un choc absolu. Auschwitz, c\u2019est la suppression calcul\u00e9e et totale de l\u2019humain\u00a0\u00bb, juge ce Praguois de 40 ans venu avec 35 \u00e9l\u00e8ves de terminale.<\/p>\n<p>\u00ab\u00a0A chaque visite, mon exp\u00e9rience devient plus intime. J\u2019ai remarqu\u00e9 par exemple les marches d\u2019escalier us\u00e9es par les bottes des nazis. Je me suis dit que mes chaussures montaient sur les m\u00eames marches que ces gens\u00a0\u00bb, poursuit cet homme dont la grand-m\u00e8re fut d\u00e9port\u00e9e \u00e0 Auschwitz.<\/p>\n<p>\u00ab\u00a0Ma grand-m\u00e8re ne parlait pas, elle avait peur de se retrouver face \u00e0 une incompr\u00e9hension totale\u00a0\u00bb, explique-t-il. Seuls les chiffres tatou\u00e9s sur son avant-bras venaient rappeler son terrible destin.<\/p>\n<p>A l\u2019heure o\u00f9 sont en train de dispara\u00eetre les derniers t\u00e9moins de la Shoah, Angela Merkel a aussi rendu un hommage aux survivants qui ont t\u00e9moign\u00e9 \u00ab\u00a0avec force et courage\u00a0\u00bb de leur calvaire, durant des d\u00e9cennies.<\/p>\n<\/div>\n<p>Auteur: AFP<br \/>\n<a href=\"https:\/\/www.journalducameroun.com\/sur-la-rampe-de-selection-a-auschwitz-la-honte-profonde-dune-chanceliere\/\">Cliquez ici pour lire l&rsquo;article depuis sa source.<\/a><\/p>\n","protected":false},"excerpt":{"rendered":"<p>Publi\u00e9 le 06.12.2019 \u00e0 18h50 par AFP Le visage ferm\u00e9, tout de noir v\u00eatue, la chanceli\u00e8re allemande s\u2019avance en silence le long de la rampe d\u2019Auschwitz-Birkenau, l\u00e0 o\u00f9 les d\u00e9port\u00e9s \u00e9taient \u201cs\u00e9lectionn\u00e9s\u201d \u00e0 leur arriv\u00e9e dans ce camp d\u2019extermination nazi, devenu synonyme du Mal absolu. Les plus jeunes, les plus faibles et les plus \u00e2g\u00e9s [&hellip;]<\/p>\n","protected":false},"author":1965,"featured_media":0,"comment_status":"closed","ping_status":"closed","sticky":false,"template":"","format":"standard","meta":{"fifu_image_url":"","fifu_image_alt":"","footnotes":""},"categories":[73,82],"tags":[],"class_list":["post-69524","post","type-post","status-publish","format-standard","hentry","category-actualite","category-cameroun"],"_links":{"self":[{"href":"https:\/\/linitiative.ca\/International\/wp-json\/wp\/v2\/posts\/69524","targetHints":{"allow":["GET"]}}],"collection":[{"href":"https:\/\/linitiative.ca\/International\/wp-json\/wp\/v2\/posts"}],"about":[{"href":"https:\/\/linitiative.ca\/International\/wp-json\/wp\/v2\/types\/post"}],"author":[{"embeddable":true,"href":"https:\/\/linitiative.ca\/International\/wp-json\/wp\/v2\/users\/1965"}],"replies":[{"embeddable":true,"href":"https:\/\/linitiative.ca\/International\/wp-json\/wp\/v2\/comments?post=69524"}],"version-history":[{"count":0,"href":"https:\/\/linitiative.ca\/International\/wp-json\/wp\/v2\/posts\/69524\/revisions"}],"wp:attachment":[{"href":"https:\/\/linitiative.ca\/International\/wp-json\/wp\/v2\/media?parent=69524"}],"wp:term":[{"taxonomy":"category","embeddable":true,"href":"https:\/\/linitiative.ca\/International\/wp-json\/wp\/v2\/categories?post=69524"},{"taxonomy":"post_tag","embeddable":true,"href":"https:\/\/linitiative.ca\/International\/wp-json\/wp\/v2\/tags?post=69524"}],"curies":[{"name":"wp","href":"https:\/\/api.w.org\/{rel}","templated":true}]}}