{"id":69528,"date":"2019-12-06T15:50:02","date_gmt":"2019-12-06T20:50:02","guid":{"rendered":"https:\/\/linitiative.ca\/International\/irak-neuf-manifestants-tues-a-bagdad-sanctions-americaines-contre-des-miliciens\/"},"modified":"2019-12-06T15:50:02","modified_gmt":"2019-12-06T20:50:02","slug":"irak-neuf-manifestants-tues-a-bagdad-sanctions-americaines-contre-des-miliciens","status":"publish","type":"post","link":"https:\/\/linitiative.ca\/International\/irak-neuf-manifestants-tues-a-bagdad-sanctions-americaines-contre-des-miliciens\/","title":{"rendered":"Irak: neuf manifestants tu\u00e9s \u00e0 Bagdad, sanctions am\u00e9ricaines contre des miliciens"},"content":{"rendered":"<div readability=\"32\">\n<p>Publi\u00e9 le 06.12.2019 \u00e0 21h50 par AFP<\/p>\n<\/div>\n<div readability=\"158\">\n<p>Apr\u00e8s quelques jours d\u2019accalmie, la violence a de nouveau explos\u00e9 vendredi en Irak o\u00f9 au moins neuf manifestants ont \u00e9t\u00e9 tu\u00e9s \u00e0 Bagdad, au moment o\u00f9 Washington d\u00e9non\u00e7ait \u00ab\u00a0l\u2019ing\u00e9rence\u00a0\u00bb de T\u00e9h\u00e9ran dans ce pays et imposait des sanctions \u00e0 des miliciens pro-iraniens.<\/p>\n<p>Ces nouveaux d\u00e9c\u00e8s portent \u00e0 pr\u00e8s de 440 le nombre de personnes tu\u00e9es \u2013essentiellement des manifestants\u2013 depuis le lancement d\u00e9but octobre d\u2019un vaste mouvement spontan\u00e9 de contestation contre le pouvoir. Quelque 20.000 personnes ont \u00e9galement \u00e9t\u00e9 bless\u00e9es.<\/p>\n<p>Les neuf manifestants ont \u00e9t\u00e9 tu\u00e9s et plusieurs dizaines d\u2019autres bless\u00e9s en soir\u00e9e pr\u00e8s de la place Tahrir, \u00e9picentre de la contestation \u00e0 Bagdad contre le pouvoir et son parrain iranien.<\/p>\n<p>Le bilan pourrait encore augmenter, des manifestants sur place ayant fait \u00e9tat de tirs intenses qui se poursuivaient toujours vendredi tard.<\/p>\n<p>\u2013 \u00ab\u00a0B\u00eate noire\u00a0\u00bb de Washington \u2013<\/p>\n<p>Les contestataires ont accus\u00e9 des hommes arm\u00e9s arriv\u00e9s \u00e0 bord de pick-up de les viser pour les d\u00e9loger d\u2019un parking \u00e0 plusieurs \u00e9tages qu\u2019ils occupaient depuis plusieurs semaines, aux abords du pont Senek, non loin de Tahrir.<\/p>\n<p>En soir\u00e9e, ces hommes arm\u00e9s ont repris le parking, selon des m\u00e9decins et des manifestants sur place. La t\u00e9l\u00e9vision d\u2019Etat a rapport\u00e9 que le b\u00e2timent avait \u00e9t\u00e9 incendi\u00e9 par \u00ab\u00a0des hommes non identifi\u00e9s\u00a0\u00bb.<\/p>\n<p>La journ\u00e9e avait pourtant \u00e9t\u00e9 calme sur la place Tahrir o\u00f9 d\u2019importants rassemblements se sont tenus, rejoints par des dignitaires religieux venus des sanctuaires chiites du pays.<\/p>\n<p>Mais depuis jeudi, les manifestants disaient redouter des violences apr\u00e8s que des partisans des paramilitaires pro-Iran du Hachd al-Chaabi, coalition h\u00e9t\u00e9roclite d\u00e9sormais int\u00e9gr\u00e9e \u00e0 l\u2019Etat, s\u2019y \u00e9taient livr\u00e9s \u00e0 une d\u00e9monstration de force.<\/p>\n<p>En soir\u00e9e, les Etats-Unis ont annonc\u00e9 avoir impos\u00e9 des sanctions sur trois chefs de factions du Hachd pour \u00ab\u00a0violations graves des droits humains et corruption\u00a0\u00bb, ainsi qu\u2019un sulfureux politicien sunnite.<\/p>\n<p>Washington a \u00e9galement d\u00e9nonc\u00e9 \u00ab\u00a0l\u2019ing\u00e9rence\u00a0\u00bb iranienne comme une \u00ab\u00a0grave violation de la souverainet\u00e9 irakienne\u00a0\u00bb, alors que deux \u00e9missaires de T\u00e9h\u00e9ran \u2013le g\u00e9n\u00e9ral Qassem Soleimani et le dignitaire chiite en charge du dossier irakien au Hezbollah libanais, Mohammed Kaoutharani\u2013 participent aux n\u00e9gociations pour remplacer le gouvernement d\u00e9missionnaire en Irak.<\/p>\n<p>\u00ab\u00a0Le peuple irakien veut r\u00e9cup\u00e9rer son pays. Il demande des r\u00e9formes authentiques et veut des dirigeants dignes de confiance, qui feront passer les int\u00e9r\u00eats nationaux irakiens en priorit\u00e9\u00a0\u00bb, a d\u00e9clar\u00e9 le secr\u00e9taire d\u2019Etat am\u00e9ricain Mike Pompeo dans un communiqu\u00e9.<\/p>\n<p>L\u2019un des Irakiens sanctionn\u00e9 est Qa\u00efs al-Khazali, chef du groupe arm\u00e9 Assa\u00efb Ahl al-Haq, l\u2019un des plus importants du Hachd, \u00ab\u00a0b\u00eate noire\u00a0\u00bb des Am\u00e9ricains et d\u00e9j\u00e0 sous le coup de sanctions.<\/p>\n<p>Les deux autres sont Laith al-Khazali et Hussein Falil Aziz al-Lami, chef de la puissante s\u00e9curit\u00e9 du Hachd qui regroupe les unit\u00e9s d\u2019\u00e9lite de la coalition.<\/p>\n<p>Le dernier homme, Khamis al-Khanjar, est, lui, sanctionn\u00e9 pour \u00ab\u00a0corruption\u00a0\u00bb, un mal end\u00e9mique en Irak qui a d\u00e9j\u00e0 co\u00fbt\u00e9 au pays \u2013l\u2019un des plus riches en p\u00e9trole du monde\u2013 l\u2019\u00e9quivalent de deux fois son PIB.<\/p>\n<p>A la mi-journ\u00e9e, le grand ayatollah Ali Sistani, plus haute autorit\u00e9 religieuse chiite d\u2019Irak, avait pris ses distances avec une classe politique conspu\u00e9e par la rue depuis le 1er octobre et appel\u00e9 \u00e0 rejeter \u00ab\u00a0les ing\u00e9rences \u00e9trang\u00e8res\u00a0\u00bb dans le choix du prochain chef de gouvernement.<\/p>\n<p>\u2013 Religieux sur Tahrir \u2013<\/p>\n<p>Le dignitaire de 89 ans qui passe pour avoir fait et d\u00e9fait tous les Premiers ministres depuis le renversement du dictateur Saddam Hussein apr\u00e8s l\u2019invasion am\u00e9ricaine du pays en 2003, a indiqu\u00e9 qu\u2019il ne jouait \u00ab\u00a0aucun r\u00f4le\u00a0\u00bb dans les n\u00e9gociations en vue de la d\u00e9signation d\u2019un nouveau Premier ministre.<\/p>\n<p>La semaine derni\u00e8re, c\u2019est un pr\u00eache en son nom qui avait pr\u00e9cipit\u00e9 la chute du gouvernement d\u2019Adel Abdel Mahdi, un an apr\u00e8s sa prise de fonctions.<\/p>\n<p>Les manifestants, eux, refusent quiconque sera nomm\u00e9 \u00e0 la t\u00eate d\u2019un pouvoir qui n\u2019a pas \u00e9t\u00e9 enti\u00e8rement revu. Ils veulent une nouvelle Constitution et une nouvelle classe politique.<\/p>\n<p>Vendredi, des centaines de clercs chiites et d\u2019employ\u00e9s des lieux saints chiites d\u2019Irak se sont joints aux manifestants de Tahrir.<\/p>\n<p>\u00ab\u00a0Nous sommes solidaires des manifestants pacifiques, nous voulons des \u00e9lections rapidement et un nouveau Premier ministre\u00a0\u00bb, a d\u00e9clar\u00e9 \u00e0 l\u2019AFP Fadhel Aouz, venu de Kerbala.<\/p>\n<p>Ce soutien des religieux a \u00e9t\u00e9 exprim\u00e9 au lendemain du d\u00e9ferlement place Tahrir de milliers de partisans du Hachd, veut croire Tha\u00ebr Steifi, un manifestant de 41 ans.<\/p>\n<p>\u00ab\u00a0Comme on redoutait des violences, on a appel\u00e9 les religieux des lieux saints et ils sont venus\u00a0\u00bb.<\/p>\n<p>Les morts de vendredi soir prouvent que cela n\u2019a pas suffit.<\/p>\n<\/div>\n<p>Auteur: AFP<br \/>\n<a href=\"https:\/\/www.journalducameroun.com\/irak-neuf-manifestants-tues-a-bagdad-sanctions-americaines-contre-des-miliciens\/\">Cliquez ici pour lire l&rsquo;article depuis sa source.<\/a><\/p>\n","protected":false},"excerpt":{"rendered":"<p>Publi\u00e9 le 06.12.2019 \u00e0 21h50 par AFP Apr\u00e8s quelques jours d\u2019accalmie, la violence a de nouveau explos\u00e9 vendredi en Irak o\u00f9 au moins neuf manifestants ont \u00e9t\u00e9 tu\u00e9s \u00e0 Bagdad, au moment o\u00f9 Washington d\u00e9non\u00e7ait \u00ab\u00a0l\u2019ing\u00e9rence\u00a0\u00bb de T\u00e9h\u00e9ran dans ce pays et imposait des sanctions \u00e0 des miliciens pro-iraniens. Ces nouveaux d\u00e9c\u00e8s portent \u00e0 pr\u00e8s [&hellip;]<\/p>\n","protected":false},"author":1965,"featured_media":0,"comment_status":"closed","ping_status":"closed","sticky":false,"template":"","format":"standard","meta":{"fifu_image_url":"","fifu_image_alt":"","footnotes":""},"categories":[73,82],"tags":[],"class_list":["post-69528","post","type-post","status-publish","format-standard","hentry","category-actualite","category-cameroun"],"_links":{"self":[{"href":"https:\/\/linitiative.ca\/International\/wp-json\/wp\/v2\/posts\/69528","targetHints":{"allow":["GET"]}}],"collection":[{"href":"https:\/\/linitiative.ca\/International\/wp-json\/wp\/v2\/posts"}],"about":[{"href":"https:\/\/linitiative.ca\/International\/wp-json\/wp\/v2\/types\/post"}],"author":[{"embeddable":true,"href":"https:\/\/linitiative.ca\/International\/wp-json\/wp\/v2\/users\/1965"}],"replies":[{"embeddable":true,"href":"https:\/\/linitiative.ca\/International\/wp-json\/wp\/v2\/comments?post=69528"}],"version-history":[{"count":0,"href":"https:\/\/linitiative.ca\/International\/wp-json\/wp\/v2\/posts\/69528\/revisions"}],"wp:attachment":[{"href":"https:\/\/linitiative.ca\/International\/wp-json\/wp\/v2\/media?parent=69528"}],"wp:term":[{"taxonomy":"category","embeddable":true,"href":"https:\/\/linitiative.ca\/International\/wp-json\/wp\/v2\/categories?post=69528"},{"taxonomy":"post_tag","embeddable":true,"href":"https:\/\/linitiative.ca\/International\/wp-json\/wp\/v2\/tags?post=69528"}],"curies":[{"name":"wp","href":"https:\/\/api.w.org\/{rel}","templated":true}]}}