{"id":69530,"date":"2019-12-07T03:00:07","date_gmt":"2019-12-07T08:00:07","guid":{"rendered":"https:\/\/linitiative.ca\/International\/un-1er-hackathon-water-a-marrakech\/"},"modified":"2019-12-07T03:00:07","modified_gmt":"2019-12-07T08:00:07","slug":"un-1er-hackathon-water-a-marrakech","status":"publish","type":"post","link":"https:\/\/linitiative.ca\/International\/un-1er-hackathon-water-a-marrakech\/","title":{"rendered":"Un 1er \u00abHackathon Water\u00bb  \u00e0 Marrakech"},"content":{"rendered":"<header>\n<\/header>\n<div class=\"entry-content clearfix\" readability=\"53\"><img decoding=\"async\" class=\"post_layout_5_img\" src=\"http:\/\/aujourdhui.ma\/wp-content\/uploads\/2019\/12\/Hackathon-Water-Marrakech.jpg?x29840\" alt=\"Un 1er \u00abHackathon Water\u00bb \u00e0 Marrakech\"\/><\/p>\n<p class=\"p1\"><span class=\"s1\"><span class=\"c4\"><strong>Le premier \u00abHackathon Water\u00bb se tiendra du 13 au 15 d\u00e9cembre \u00e0 Marrakech, sous le th\u00e8me \u00abTrop d\u2019eau, trop peu d\u2019eau\u00a0!\u00bb.<\/strong><\/span><\/span> <span id=\"more-325787\"\/><\/p>\n<p class=\"p1\"><span class=\"s1\">Organis\u00e9 par \u00abEmerging Business Factory\u00bb et sa fondation en partenariat avec la coop\u00e9ration internationale allemande pour le d\u00e9veloppement (GIZ), la Conf\u00e9d\u00e9ration g\u00e9n\u00e9rale des entreprises du Maroc (CGEM), le conseil de la r\u00e9gion de Marrakech-Safi et le conseil communal de Marrakech, le \u00abHackathon Water 2019\u00bb vise \u00e0 rassembler des acteurs de la technologie et de l\u2019innovation autour de l\u2019utilisation du digital pour concevoir collectivement des solutions novatrices \u00e0 la probl\u00e9matique du stress hydrique.<\/span><\/p>\n<p class=\"p1\"><span class=\"s1\">Selon les organisateurs, cette initiative, qui s\u2019inscrit dans le cadre du projet du Plan national de l\u2019eau en vue d\u2019\u00e9viter au pays des probl\u00e8mes li\u00e9s \u00e0 la p\u00e9nurie de l\u2019eau potable et d\u2019irrigation d\u2019ici 2050, s\u2019assigne \u00e9galement pour objectif de faire de l\u2019utilisation de l\u2019eau dans la r\u00e9gion un mode de consommation durable et \u00e9co-responsable. Il s\u2019agit ainsi d\u2019un challenge \u00e0 d\u00e9velopper sur trois environnements distincts\u00a0: l\u2019agriculture (70% de la consommation mondiale), l\u2019industrie (22%), et la consommation domestique (8%).<\/span><\/p>\n<\/div>\n<p>Auteur: ALM<br \/>\n<a href=\"http:\/\/aujourdhui.ma\/economie\/un-1er-hackathon-water-a-marrakech\">Cliquez ici pour lire l&rsquo;article depuis sa source.<\/a><\/p>\n","protected":false},"excerpt":{"rendered":"<p>Le premier \u00abHackathon Water\u00bb se tiendra du 13 au 15 d\u00e9cembre \u00e0 Marrakech, sous le th\u00e8me \u00abTrop d\u2019eau, trop peu d\u2019eau\u00a0!\u00bb. Organis\u00e9 par \u00abEmerging Business Factory\u00bb et sa fondation en partenariat avec la coop\u00e9ration internationale allemande pour le d\u00e9veloppement (GIZ), la Conf\u00e9d\u00e9ration g\u00e9n\u00e9rale des entreprises du Maroc (CGEM), le conseil de la r\u00e9gion de Marrakech-Safi [&hellip;]<\/p>\n","protected":false},"author":1759,"featured_media":0,"comment_status":"closed","ping_status":"closed","sticky":false,"template":"","format":"standard","meta":{"fifu_image_url":"","fifu_image_alt":"","footnotes":""},"categories":[73,54],"tags":[],"class_list":["post-69530","post","type-post","status-publish","format-standard","hentry","category-actualite","category-maroc"],"_links":{"self":[{"href":"https:\/\/linitiative.ca\/International\/wp-json\/wp\/v2\/posts\/69530","targetHints":{"allow":["GET"]}}],"collection":[{"href":"https:\/\/linitiative.ca\/International\/wp-json\/wp\/v2\/posts"}],"about":[{"href":"https:\/\/linitiative.ca\/International\/wp-json\/wp\/v2\/types\/post"}],"author":[{"embeddable":true,"href":"https:\/\/linitiative.ca\/International\/wp-json\/wp\/v2\/users\/1759"}],"replies":[{"embeddable":true,"href":"https:\/\/linitiative.ca\/International\/wp-json\/wp\/v2\/comments?post=69530"}],"version-history":[{"count":0,"href":"https:\/\/linitiative.ca\/International\/wp-json\/wp\/v2\/posts\/69530\/revisions"}],"wp:attachment":[{"href":"https:\/\/linitiative.ca\/International\/wp-json\/wp\/v2\/media?parent=69530"}],"wp:term":[{"taxonomy":"category","embeddable":true,"href":"https:\/\/linitiative.ca\/International\/wp-json\/wp\/v2\/categories?post=69530"},{"taxonomy":"post_tag","embeddable":true,"href":"https:\/\/linitiative.ca\/International\/wp-json\/wp\/v2\/tags?post=69530"}],"curies":[{"name":"wp","href":"https:\/\/api.w.org\/{rel}","templated":true}]}}