{"id":69532,"date":"2019-12-07T03:05:33","date_gmt":"2019-12-07T08:05:33","guid":{"rendered":"https:\/\/linitiative.ca\/International\/le-nouveau-volvo-xc90-2019-debarque-au-maroc\/"},"modified":"2019-12-07T03:05:33","modified_gmt":"2019-12-07T08:05:33","slug":"le-nouveau-volvo-xc90-2019-debarque-au-maroc","status":"publish","type":"post","link":"https:\/\/linitiative.ca\/International\/le-nouveau-volvo-xc90-2019-debarque-au-maroc\/","title":{"rendered":"Le nouveau Volvo XC90 2019 d\u00e9barque au Maroc"},"content":{"rendered":"<p><img decoding=\"async\" class=\"post_layout_5_img\" src=\"http:\/\/aujourdhui.ma\/wp-content\/uploads\/2019\/12\/Volvo-XC90.jpg?x29840\" alt=\"Le nouveau Volvo XC90 2019 d\u00e9barque au Maroc\"\/><\/p>\n<p><span class=\"c4\"><strong>Il est propos\u00e9 \u00e0 partir de 630.000 DH<\/strong><\/span><br \/><span id=\"more-325557\"\/><\/p>\n<div class=\"base-box mom_box_sc_custom mom_box_sc clear c5\" readability=\"11\">\n<p><strong>Tr\u00f4nant sur la console centrale, le grand \u00e9cran tactile de 9 pouces du XC90 permet de contr\u00f4ler toutes les fonctionnalit\u00e9s. Sobre et r\u00e9actif, il arbore des graphismes clairs qui facilitent grandement la lecture des informations et la consultation des cartes.<\/strong><\/p>\n<\/div>\n<p>Lanc\u00e9 en 2015, le Volvo XC90 a toujours \u00e9t\u00e9 la quintessence m\u00eame du design scandinave moderne, du luxe \u00e0 la su\u00e9doise et de l\u2019innovation technologique. Aujourd\u2019hui, le Volvo XC90 revient dans une nouvelle version 2019 qui sera exceptionnellement propos\u00e9e \u00e0 partir de 630.000 DH. Il est \u00e9galement disponible en R-Design et Inscription \u00e9galement.<\/p>\n<p><strong>Une nouvelle cosm\u00e9tique plus \u00e9pur\u00e9e et plus statutaire<\/strong><\/p>\n<p>Caract\u00e9ris\u00e9e par sa force sophistiqu\u00e9e et par son charisme affirm\u00e9, cette nouvelle mouture du SUV phare de Volvo arbore un look puissant et distinctif empreint d\u2019\u00e9l\u00e9gance. Le XC90 mill\u00e9sime 2019 est encore plus statutaire, plus technologique et plus luxueux que jamais. Il re\u00e7oit de nouvelles jantes, mais aussi de nouvelles couleurs de carrosserie et une nouvelle calandre. Il conserve toutefois les fameuses optiques \u00e0 LED en forme de T qui rappellent le marteau de la divinit\u00e9 mythologique nordique Thor.<\/p>\n<p><a href=\"http:\/\/aujourdhui.ma\/wp-content\/uploads\/2019\/12\/Volvo-XC90-2.jpg?x29840\"><img loading=\"lazy\" decoding=\"async\" class=\"size-full wp-image-325563 aligncenter\" src=\"http:\/\/aujourdhui.ma\/wp-content\/uploads\/2019\/12\/Volvo-XC90-2.jpg?x29840\" alt=\"\" width=\"746\" height=\"380\" srcset=\"http:\/\/aujourdhui.ma\/wp-content\/uploads\/2019\/12\/Volvo-XC90-2.jpg 746w, http:\/\/aujourdhui.ma\/wp-content\/uploads\/2019\/12\/Volvo-XC90-2-300x153.jpg 300w\" sizes=\"auto, (max-width: 746px) 100vw, 746px\"\/><\/a><\/p>\n<p><strong>Luxe et confort s\u2019invitent \u00e0 bord<\/strong><\/p>\n<p>A l\u2019int\u00e9rieur du v\u00e9hicule, on retrouve toujours autant un design scandinave extr\u00eamement raffin\u00e9. Les mat\u00e9riaux sont s\u00e9lectionn\u00e9s avec soin et accentuent l\u2019authenticit\u00e9 \u00e0 bord du XC90. Minimaliste et \u00e9pur\u00e9, l\u2019habitacle inspire s\u00e9r\u00e9nit\u00e9 et confort. De splendides d\u00e9tails tels que les ou\u00efes d\u2019a\u00e9ration chrom\u00e9es ou encore, sur certaines versions, un pommeau de levier de vitesses en cristal, sont l\u00e0 pour ravir les sens.<br \/>Parmi les options de finition int\u00e9rieure, on retrouve de somptueuses incrustations en Fr\u00eane Anthracite ou Fr\u00eane Gris au style \u00e0 la fois naturel et contemporain. La sellerie en laine m\u00e9lang\u00e9e, un textile riche et confortable compos\u00e9 \u00e0 30% de laine et 70% de polyester recycl\u00e9, permet aux passagers d\u2019\u00eatre lov\u00e9s au sein d\u2019un luxueux cocon.<\/p>\n<p><strong>Une panoplie d\u2019innovations intuitives et intelligentes<\/strong><\/p>\n<p>Toutes les interactions sont intuitives \u00e0 bord du XC90. Derri\u00e8re le volant, on retrouve un combin\u00e9 digitalis\u00e9 qui place tr\u00e8s rapidement les informations les plus importantes sous les yeux du conducteur, tout en adaptant automatiquement la luminosit\u00e9 \u00e0 l\u2019\u00e9clairage ambiant. L\u2019affichage t\u00eate haute projette des informations directement sur le pare-brise pour un maximum de confort, \u00e0 l\u2019heure o\u00f9 la fonction de commande vocale r\u00e9agit au langage naturel, et non \u00e0 des ordres pr\u00e9d\u00e9finis.<br \/>Tr\u00f4nant sur la console centrale, le grand \u00e9cran tactile de 9 pouces du XC90 permet de contr\u00f4ler toutes les fonctionnalit\u00e9s. Sobre et r\u00e9actif, il arbore des graphismes clairs qui facilitent grandement la lecture des informations et la consultation des cartes. D\u00e9velopp\u00e9 par Volvo, Sensus Navigation est le syst\u00e8me de navigation connect\u00e9 et 100% int\u00e9gr\u00e9 qui vous guidera tous les jours et de mani\u00e8re s\u00fbre jusqu\u2019\u00e0 votre destination.<\/p>\n<p><a href=\"http:\/\/aujourdhui.ma\/wp-content\/uploads\/2019\/12\/Volvo-XC90-1.jpg?x29840\"><img loading=\"lazy\" decoding=\"async\" class=\"size-full wp-image-325562 aligncenter\" src=\"http:\/\/aujourdhui.ma\/wp-content\/uploads\/2019\/12\/Volvo-XC90-1.jpg?x29840\" alt=\"\" width=\"746\" height=\"380\" srcset=\"http:\/\/aujourdhui.ma\/wp-content\/uploads\/2019\/12\/Volvo-XC90-1.jpg 746w, http:\/\/aujourdhui.ma\/wp-content\/uploads\/2019\/12\/Volvo-XC90-1-300x153.jpg 300w\" sizes=\"auto, (max-width: 746px) 100vw, 746px\"\/><\/a><\/p>\n<p><strong>Encore plus technologique !<\/strong><\/p>\n<p>Sous le capot, le nouveau XC90 s\u2019\u00e9quipe d\u2019une motorisation \u00e0 micro-hybridation avec alterno-d\u00e9marreur, ainsi que d\u2019un syst\u00e8me de r\u00e9cup\u00e9ration de l\u2019\u00e9nergie cin\u00e9tique au freinage.<br \/>En mati\u00e8re de technologies de s\u00e9curit\u00e9 active, le XC90 offre d\u00e9sormais au conducteur une assistance \u00e0 la direction avec le syst\u00e8me City Safety, freinage automatique qui reconna\u00eet les pi\u00e9tons, les cyclistes et les grands animaux.<br \/>Le syst\u00e8me d\u2019anticipation de collision frontale (sur la voie oppos\u00e9e) par freinage automatique apparu sur le nouveau XC60 \u00e9quipe d\u00e9sormais le XC90.<br \/>Toutes ces nouveaut\u00e9s, auxquelles s\u2019ajoute la cage de s\u00e9curit\u00e9 qui est au c\u0153ur du syst\u00e8me de s\u00e9curit\u00e9 passive, font du XC90 l\u2019un des v\u00e9hicules les plus s\u00fbrs du march\u00e9 et soulignent l\u2019engagement sans faille de Volvo en mati\u00e8re de s\u00e9curit\u00e9.<\/p>\n<p><a href=\"http:\/\/aujourdhui.ma\/wp-content\/uploads\/2019\/12\/Volvo-XC90-3.jpg?x29840\"><img loading=\"lazy\" decoding=\"async\" class=\"size-full wp-image-325564 aligncenter\" src=\"http:\/\/aujourdhui.ma\/wp-content\/uploads\/2019\/12\/Volvo-XC90-3.jpg?x29840\" alt=\"\" width=\"746\" height=\"380\" srcset=\"http:\/\/aujourdhui.ma\/wp-content\/uploads\/2019\/12\/Volvo-XC90-3.jpg 746w, http:\/\/aujourdhui.ma\/wp-content\/uploads\/2019\/12\/Volvo-XC90-3-300x153.jpg 300w\" sizes=\"auto, (max-width: 746px) 100vw, 746px\"\/><\/a><\/p>\n<p>Auteur: ALM<br \/>\n<a href=\"http:\/\/aujourdhui.ma\/automobile\/le-nouveau-volvo-xc90-2019-debarque-au-maroc\">Cliquez ici pour lire l&rsquo;article depuis sa source.<\/a><\/p>\n","protected":false},"excerpt":{"rendered":"<p>Il est propos\u00e9 \u00e0 partir de 630.000 DH Tr\u00f4nant sur la console centrale, le grand \u00e9cran tactile de 9 pouces du XC90 permet de contr\u00f4ler toutes les fonctionnalit\u00e9s. Sobre et r\u00e9actif, il arbore des graphismes clairs qui facilitent grandement la lecture des informations et la consultation des cartes. Lanc\u00e9 en 2015, le Volvo XC90 a [&hellip;]<\/p>\n","protected":false},"author":1759,"featured_media":0,"comment_status":"closed","ping_status":"closed","sticky":false,"template":"","format":"standard","meta":{"fifu_image_url":"","fifu_image_alt":"","footnotes":""},"categories":[73,54],"tags":[],"class_list":["post-69532","post","type-post","status-publish","format-standard","hentry","category-actualite","category-maroc"],"_links":{"self":[{"href":"https:\/\/linitiative.ca\/International\/wp-json\/wp\/v2\/posts\/69532","targetHints":{"allow":["GET"]}}],"collection":[{"href":"https:\/\/linitiative.ca\/International\/wp-json\/wp\/v2\/posts"}],"about":[{"href":"https:\/\/linitiative.ca\/International\/wp-json\/wp\/v2\/types\/post"}],"author":[{"embeddable":true,"href":"https:\/\/linitiative.ca\/International\/wp-json\/wp\/v2\/users\/1759"}],"replies":[{"embeddable":true,"href":"https:\/\/linitiative.ca\/International\/wp-json\/wp\/v2\/comments?post=69532"}],"version-history":[{"count":0,"href":"https:\/\/linitiative.ca\/International\/wp-json\/wp\/v2\/posts\/69532\/revisions"}],"wp:attachment":[{"href":"https:\/\/linitiative.ca\/International\/wp-json\/wp\/v2\/media?parent=69532"}],"wp:term":[{"taxonomy":"category","embeddable":true,"href":"https:\/\/linitiative.ca\/International\/wp-json\/wp\/v2\/categories?post=69532"},{"taxonomy":"post_tag","embeddable":true,"href":"https:\/\/linitiative.ca\/International\/wp-json\/wp\/v2\/tags?post=69532"}],"curies":[{"name":"wp","href":"https:\/\/api.w.org\/{rel}","templated":true}]}}