{"id":69534,"date":"2019-12-07T12:24:43","date_gmt":"2019-12-07T17:24:43","guid":{"rendered":"https:\/\/linitiative.ca\/International\/enseignement-prime-de-la-rentree-scolaire-fin-decembre-ou-debut-janvier\/"},"modified":"2019-12-07T12:24:43","modified_gmt":"2019-12-07T17:24:43","slug":"enseignement-prime-de-la-rentree-scolaire-fin-decembre-ou-debut-janvier","status":"publish","type":"post","link":"https:\/\/linitiative.ca\/International\/enseignement-prime-de-la-rentree-scolaire-fin-decembre-ou-debut-janvier\/","title":{"rendered":"Enseignement\u00a0: Prime de la rentr\u00e9e scolaire fin d\u00e9cembre ou d\u00e9but janvier"},"content":{"rendered":"<p>Suite \u00e0 l\u2019adoption par la commission des finances au parlement du budget de l\u2019Etat<br \/>compl\u00e9mentaire au titre de l\u2019ann\u00e9e 2019, le minist\u00e8re de l\u2019Education a pris les mesures<br \/>administratives n\u00e9cessaires pour le versement de la prime de la rentr\u00e9e scolaire au profit de<br \/>tous les enseignants dans les plus brefs d\u00e9lais, a annonc\u00e9 Mohamed Haj Taieb, charg\u00e9 de<br \/>l\u2019information au minist\u00e8re de l\u2019Education.<br \/>Le responsable a pr\u00e9cis\u00e9 que la prime sera vers\u00e9e aux enseignants tout en tenant compte du<br \/>paiement des salaires dans les d\u00e9lais.<br \/>D\u2019apr\u00e8s la m\u00eame source, le versement de la prime devra commencer \u00e0 la fin du mois de<br \/>d\u00e9cembre en cours ou pendant la premi\u00e8re semaine du mois de janvier 2020.<\/p>\n<p class=\"dpsp-share-text\">Partager c&rsquo;est aimer!<\/p>\n<div class=\"wp-post-author-wrap wp-post-author-shortcode left\">\n<h3 class=\"awpa-title\"\/>\n<div class=\"wp-post-author\">\n<div class=\"awpa-img awpa-author-block square\"><a href=\"http:\/\/lexpertjournal.net\/fr\/author\/expert\/\"><img loading=\"lazy\" decoding=\"async\" alt=\"\" src=\"http:\/\/0.gravatar.com\/avatar\/c828f0b17d24309f0d01a4eac3747085?s=150&#038;d=mm&#038;r=g\" srcset=\"http:\/\/0.gravatar.com\/avatar\/c828f0b17d24309f0d01a4eac3747085?s=300&#038;d=mm&#038;r=g 2x\" class=\"avatar avatar-150 photo\" height=\"150\" width=\"150\"\/><\/a><\/div>\n<\/div>\n<\/div>\n<p>Auteur: L&rsquo;expert<br \/>\n<a href=\"http:\/\/lexpertjournal.net\/fr\/2019\/12\/07\/enseignement-prime-de-la-rentree-scolaire-fin-decembre-ou-debut-janvier\/\">Cliquez ici pour lire l&rsquo;article depuis sa source.<\/a><\/p>\n","protected":false},"excerpt":{"rendered":"<p>Suite \u00e0 l\u2019adoption par la commission des finances au parlement du budget de l\u2019Etatcompl\u00e9mentaire au titre de l\u2019ann\u00e9e 2019, le minist\u00e8re de l\u2019Education a pris les mesuresadministratives n\u00e9cessaires pour le versement de la prime de la rentr\u00e9e scolaire au profit detous les enseignants dans les plus brefs d\u00e9lais, a annonc\u00e9 Mohamed Haj Taieb, charg\u00e9 del\u2019information [&hellip;]<\/p>\n","protected":false},"author":1775,"featured_media":0,"comment_status":"closed","ping_status":"closed","sticky":false,"template":"","format":"standard","meta":{"fifu_image_url":"","fifu_image_alt":"","footnotes":""},"categories":[78,55],"tags":[],"class_list":["post-69534","post","type-post","status-publish","format-standard","hentry","category-economie","category-tunisie"],"_links":{"self":[{"href":"https:\/\/linitiative.ca\/International\/wp-json\/wp\/v2\/posts\/69534","targetHints":{"allow":["GET"]}}],"collection":[{"href":"https:\/\/linitiative.ca\/International\/wp-json\/wp\/v2\/posts"}],"about":[{"href":"https:\/\/linitiative.ca\/International\/wp-json\/wp\/v2\/types\/post"}],"author":[{"embeddable":true,"href":"https:\/\/linitiative.ca\/International\/wp-json\/wp\/v2\/users\/1775"}],"replies":[{"embeddable":true,"href":"https:\/\/linitiative.ca\/International\/wp-json\/wp\/v2\/comments?post=69534"}],"version-history":[{"count":0,"href":"https:\/\/linitiative.ca\/International\/wp-json\/wp\/v2\/posts\/69534\/revisions"}],"wp:attachment":[{"href":"https:\/\/linitiative.ca\/International\/wp-json\/wp\/v2\/media?parent=69534"}],"wp:term":[{"taxonomy":"category","embeddable":true,"href":"https:\/\/linitiative.ca\/International\/wp-json\/wp\/v2\/categories?post=69534"},{"taxonomy":"post_tag","embeddable":true,"href":"https:\/\/linitiative.ca\/International\/wp-json\/wp\/v2\/tags?post=69534"}],"curies":[{"name":"wp","href":"https:\/\/api.w.org\/{rel}","templated":true}]}}