{"id":69535,"date":"2019-12-07T12:26:34","date_gmt":"2019-12-07T17:26:34","guid":{"rendered":"https:\/\/linitiative.ca\/International\/des-questions-dorganisation-en-suspens-les-pharmaciens-presentent-leurs-doleances-au-gouvernement\/"},"modified":"2019-12-07T12:26:34","modified_gmt":"2019-12-07T17:26:34","slug":"des-questions-dorganisation-en-suspens-les-pharmaciens-presentent-leurs-doleances-au-gouvernement","status":"publish","type":"post","link":"https:\/\/linitiative.ca\/International\/des-questions-dorganisation-en-suspens-les-pharmaciens-presentent-leurs-doleances-au-gouvernement\/","title":{"rendered":"Des questions d\u2019organisation en suspens\u00a0: Les pharmaciens pr\u00e9sentent leurs dol\u00e9ances au gouvernement"},"content":{"rendered":"<p>Le pr\u00e9sident du conseil national de l\u2019Ordre des Pharmaciens de Tunisie, Chedli Fandri, a<br \/>d\u00e9nonc\u00e9 jeudi la non-publication, jusqu\u2019\u00e0 pr\u00e9sent, des d\u00e9crets r\u00e9glementant le secteur des<br \/>compl\u00e9ments alimentaires et \u00e9quipements m\u00e9dicaux, soulignant qu\u2019un accord avait \u00e9t\u00e9 sign\u00e9<br \/>avec le minist\u00e8re de la Sant\u00e9 depuis juillet 2018.<br \/>Selon Fandri, cet accord comprend un ensemble de d\u00e9crets et de d\u00e9cision relatifs \u00e0 l\u2019activit\u00e9<br \/>li\u00e9e aux compl\u00e9ments alimentaires et \u00e9quipements m\u00e9dicaux, ajoutant que ce retard a cr\u00e9\u00e9 un<br \/>vide juridique qui a affect\u00e9 les op\u00e9rations de stockage, de fabrication, d\u2019importation et de<br \/>distribution, faisant porter au gouvernement la responsabilit\u00e9 des cons\u00e9quences inh\u00e9rentes \u00e0<br \/>ce vide juridique.<br \/>Il a \u00e9galement revendiqu\u00e9 la publication au Journal officiel de la R\u00e9publique tunisienne de<br \/>l\u2019arr\u00eat\u00e9 minist\u00e9riel r\u00e9gissant les listes d\u2019attente pour l\u2019ouverture des pharmacies.<br \/>Le d\u00e9cret gouvernemental n \u00b0 1013 du 11 novembre 2019 portant organisation de<br \/>l\u2019exploitation des pharmacies de vente au d\u00e9tail s\u2019inscrit dans le cadre de la r\u00e9vision des<br \/>crit\u00e8res d\u2019ouverture des pharmacies priv\u00e9es. Cent quarante pharmacies seront ouvertes, en<br \/>vertu de ce d\u00e9cret qui pr\u00e9voit aussi l\u2019ouverture d\u2019environ 50 pharmacies chaque ann\u00e9e.<\/p>\n<p class=\"dpsp-share-text\">Partager c&rsquo;est aimer!<\/p>\n<div class=\"wp-post-author-wrap wp-post-author-shortcode left\">\n<h3 class=\"awpa-title\"\/>\n<div class=\"wp-post-author\">\n<div class=\"awpa-img awpa-author-block square\"><a href=\"http:\/\/lexpertjournal.net\/fr\/author\/expert\/\"><img loading=\"lazy\" decoding=\"async\" alt=\"\" src=\"http:\/\/0.gravatar.com\/avatar\/c828f0b17d24309f0d01a4eac3747085?s=150&#038;d=mm&#038;r=g\" srcset=\"http:\/\/0.gravatar.com\/avatar\/c828f0b17d24309f0d01a4eac3747085?s=300&#038;d=mm&#038;r=g 2x\" class=\"avatar avatar-150 photo\" height=\"150\" width=\"150\"\/><\/a><\/div>\n<\/div>\n<\/div>\n<p>Auteur: L&rsquo;expert<br \/>\n<a href=\"http:\/\/lexpertjournal.net\/fr\/2019\/12\/07\/des-questions-dorganisation-en-suspens-les-pharmaciens-presentent-leurs-doleances-au-gouvernement\/\">Cliquez ici pour lire l&rsquo;article depuis sa source.<\/a><\/p>\n","protected":false},"excerpt":{"rendered":"<p>Le pr\u00e9sident du conseil national de l\u2019Ordre des Pharmaciens de Tunisie, Chedli Fandri, ad\u00e9nonc\u00e9 jeudi la non-publication, jusqu\u2019\u00e0 pr\u00e9sent, des d\u00e9crets r\u00e9glementant le secteur descompl\u00e9ments alimentaires et \u00e9quipements m\u00e9dicaux, soulignant qu\u2019un accord avait \u00e9t\u00e9 sign\u00e9avec le minist\u00e8re de la Sant\u00e9 depuis juillet 2018.Selon Fandri, cet accord comprend un ensemble de d\u00e9crets et de d\u00e9cision relatifs [&hellip;]<\/p>\n","protected":false},"author":1775,"featured_media":0,"comment_status":"closed","ping_status":"closed","sticky":false,"template":"","format":"standard","meta":{"fifu_image_url":"","fifu_image_alt":"","footnotes":""},"categories":[78,55],"tags":[],"class_list":["post-69535","post","type-post","status-publish","format-standard","hentry","category-economie","category-tunisie"],"_links":{"self":[{"href":"https:\/\/linitiative.ca\/International\/wp-json\/wp\/v2\/posts\/69535","targetHints":{"allow":["GET"]}}],"collection":[{"href":"https:\/\/linitiative.ca\/International\/wp-json\/wp\/v2\/posts"}],"about":[{"href":"https:\/\/linitiative.ca\/International\/wp-json\/wp\/v2\/types\/post"}],"author":[{"embeddable":true,"href":"https:\/\/linitiative.ca\/International\/wp-json\/wp\/v2\/users\/1775"}],"replies":[{"embeddable":true,"href":"https:\/\/linitiative.ca\/International\/wp-json\/wp\/v2\/comments?post=69535"}],"version-history":[{"count":0,"href":"https:\/\/linitiative.ca\/International\/wp-json\/wp\/v2\/posts\/69535\/revisions"}],"wp:attachment":[{"href":"https:\/\/linitiative.ca\/International\/wp-json\/wp\/v2\/media?parent=69535"}],"wp:term":[{"taxonomy":"category","embeddable":true,"href":"https:\/\/linitiative.ca\/International\/wp-json\/wp\/v2\/categories?post=69535"},{"taxonomy":"post_tag","embeddable":true,"href":"https:\/\/linitiative.ca\/International\/wp-json\/wp\/v2\/tags?post=69535"}],"curies":[{"name":"wp","href":"https:\/\/api.w.org\/{rel}","templated":true}]}}