{"id":69536,"date":"2019-12-07T12:29:03","date_gmt":"2019-12-07T17:29:03","guid":{"rendered":"https:\/\/linitiative.ca\/International\/tourisme-nouvelle-demarche-stricte-pour-le-reclassement-des-hotels\/"},"modified":"2019-12-07T12:29:03","modified_gmt":"2019-12-07T17:29:03","slug":"tourisme-nouvelle-demarche-stricte-pour-le-reclassement-des-hotels","status":"publish","type":"post","link":"https:\/\/linitiative.ca\/International\/tourisme-nouvelle-demarche-stricte-pour-le-reclassement-des-hotels\/","title":{"rendered":"Tourisme\u00a0: Nouvelle d\u00e9marche stricte pour le reclassement des h\u00f4tels"},"content":{"rendered":"<p>\u00bb Le d\u00e9partement du Tourisme et de l\u2019artisanat se penche, actuellement, sur la conception<br \/>d\u2019une nouvelle d\u00e9marche de reclassement des h\u00f4tels tunisiens, adapt\u00e9e aux normes<br \/>internationales de qualit\u00e9 \u00bb, a fait savoir jeudi, le ministre du Tourisme, Ren\u00e9 Trabelsi, dans<br \/>une d\u00e9claration \u00e0 l\u2019agence TAP, soulignant que ces nouveaux crit\u00e8res de reclassement seront<br \/>strictement appliqu\u00e9s.<\/p>\n<p>Trabelsi, qui s\u2019exprimait en marge d\u2019une conf\u00e9rence tenue \u00e0 Hammamet, pour pr\u00e9senter le<br \/>programme de reclassement des h\u00f4tels, a fait savoir que cette op\u00e9ration, sera lanc\u00e9e d\u00e9but<\/p>\n<ol>\n<li>Elle prendra en consid\u00e9ration plusieurs crit\u00e8res se rapportant \u00e0 l\u2019accueil, au transport et<br \/>l\u2019h\u00e9bergement des touristes.<br \/>Il a not\u00e9, dans ce cadre, que l\u2019am\u00e9lioration de la qualit\u00e9 des services est tributaire du<br \/>renforcement de la formation, notamment \u00e0 travers l\u2019organisation des sessions de formation<br \/>en partenariat avec les professionnels du secteur.<\/li>\n<\/ol>\n<p class=\"dpsp-share-text\">Partager c&rsquo;est aimer!<\/p>\n<div class=\"wp-post-author-wrap wp-post-author-shortcode left\">\n<h3 class=\"awpa-title\"\/>\n<div class=\"wp-post-author\">\n<div class=\"awpa-img awpa-author-block square\"><a href=\"http:\/\/lexpertjournal.net\/fr\/author\/expert\/\"><img loading=\"lazy\" decoding=\"async\" alt=\"\" src=\"http:\/\/0.gravatar.com\/avatar\/c828f0b17d24309f0d01a4eac3747085?s=150&#038;d=mm&#038;r=g\" srcset=\"http:\/\/0.gravatar.com\/avatar\/c828f0b17d24309f0d01a4eac3747085?s=300&#038;d=mm&#038;r=g 2x\" class=\"avatar avatar-150 photo\" height=\"150\" width=\"150\"\/><\/a><\/div>\n<\/div>\n<\/div>\n<p>Auteur: L&rsquo;expert<br \/>\n<a href=\"http:\/\/lexpertjournal.net\/fr\/2019\/12\/07\/tourisme-nouvelle-demarche-stricte-pour-le-reclassement-des-hotels\/\">Cliquez ici pour lire l&rsquo;article depuis sa source.<\/a><\/p>\n","protected":false},"excerpt":{"rendered":"<p>\u00bb Le d\u00e9partement du Tourisme et de l\u2019artisanat se penche, actuellement, sur la conceptiond\u2019une nouvelle d\u00e9marche de reclassement des h\u00f4tels tunisiens, adapt\u00e9e aux normesinternationales de qualit\u00e9 \u00bb, a fait savoir jeudi, le ministre du Tourisme, Ren\u00e9 Trabelsi, dansune d\u00e9claration \u00e0 l\u2019agence TAP, soulignant que ces nouveaux crit\u00e8res de reclassement serontstrictement appliqu\u00e9s. Trabelsi, qui s\u2019exprimait en [&hellip;]<\/p>\n","protected":false},"author":1775,"featured_media":0,"comment_status":"closed","ping_status":"closed","sticky":false,"template":"","format":"standard","meta":{"fifu_image_url":"","fifu_image_alt":"","footnotes":""},"categories":[78,55],"tags":[],"class_list":["post-69536","post","type-post","status-publish","format-standard","hentry","category-economie","category-tunisie"],"_links":{"self":[{"href":"https:\/\/linitiative.ca\/International\/wp-json\/wp\/v2\/posts\/69536","targetHints":{"allow":["GET"]}}],"collection":[{"href":"https:\/\/linitiative.ca\/International\/wp-json\/wp\/v2\/posts"}],"about":[{"href":"https:\/\/linitiative.ca\/International\/wp-json\/wp\/v2\/types\/post"}],"author":[{"embeddable":true,"href":"https:\/\/linitiative.ca\/International\/wp-json\/wp\/v2\/users\/1775"}],"replies":[{"embeddable":true,"href":"https:\/\/linitiative.ca\/International\/wp-json\/wp\/v2\/comments?post=69536"}],"version-history":[{"count":0,"href":"https:\/\/linitiative.ca\/International\/wp-json\/wp\/v2\/posts\/69536\/revisions"}],"wp:attachment":[{"href":"https:\/\/linitiative.ca\/International\/wp-json\/wp\/v2\/media?parent=69536"}],"wp:term":[{"taxonomy":"category","embeddable":true,"href":"https:\/\/linitiative.ca\/International\/wp-json\/wp\/v2\/categories?post=69536"},{"taxonomy":"post_tag","embeddable":true,"href":"https:\/\/linitiative.ca\/International\/wp-json\/wp\/v2\/tags?post=69536"}],"curies":[{"name":"wp","href":"https:\/\/api.w.org\/{rel}","templated":true}]}}