{"id":69537,"date":"2019-12-07T12:31:40","date_gmt":"2019-12-07T17:31:40","guid":{"rendered":"https:\/\/linitiative.ca\/International\/sumitomo-electric-system-a-monastir-coup-denvoi-a-la-construction-de-la-cablerie\/"},"modified":"2019-12-07T12:31:40","modified_gmt":"2019-12-07T17:31:40","slug":"sumitomo-electric-system-a-monastir-coup-denvoi-a-la-construction-de-la-cablerie","status":"publish","type":"post","link":"https:\/\/linitiative.ca\/International\/sumitomo-electric-system-a-monastir-coup-denvoi-a-la-construction-de-la-cablerie\/","title":{"rendered":"\u00ab Sumitomo Electric System \u00bb \u00e0 Monastir\u00a0: Coup d\u2019envoi \u00e0 la construction de la c\u00e2blerie"},"content":{"rendered":"<p>Le chef de gouvernement charg\u00e9 de la gestion des affaires courantes, Youssef Chahed, a pos\u00e9,<br \/>jeudi, \u00e0 Monastir, la premi\u00e8re pierre de l\u2019unit\u00e9 industrielle \u00ab Sumitomo Electric System<br \/>Tunisia \u00bb, filiale du g\u00e9ant japonais \u00ab Somito Electric System Europ \u00bb, sp\u00e9cialis\u00e9e dans le<br \/>c\u00e2blage \u00e9lectrique et les composants \u00e9lectroniques, destin\u00e9s aux plus grands constructeurs<br \/>automobiles internationaux.<br \/>Chahed a indiqu\u00e9, dans une d\u00e9claration \u00e0 la presse, que ce projet, qui a mobilis\u00e9 un<br \/>investissement \u00e9tranger, de 67,6 millions de dinars (MD), permettra la cr\u00e9ation de 5 mille<br \/>nouveaux emplois, dont 20% au profit des cadres du gouvernorat de Monastir et des autres<br \/>gouvernorats.<br \/>Les travaux de constructions seront r\u00e9alis\u00e9s sur deux phases. L\u2019entr\u00e9e en production de la<br \/>premi\u00e8re phase, dont les travaux ont \u00e9t\u00e9 lanc\u00e9s jeudi, est pr\u00e9vue pour la fin de l\u2019ann\u00e9e 2020.<br \/>Elle permettra la cr\u00e9ation de 2000 nouveaux postes d\u2019emploi. Cette premi\u00e8re partie de l\u2019unit\u00e9<br \/>sera b\u00e2tie sur une superficie de 18,4 ha, mobilisant une enveloppe de 46 MD.<br \/>La deuxi\u00e8me phase du projet sera r\u00e9alis\u00e9e durant la p\u00e9riode 2024-2025, avec un co\u00fbt estim\u00e9 \u00e0<br \/>21 MD, avec \u00e0 la cl\u00e9, la cr\u00e9ation de 3000 nouveaux emplois.<br \/>Le directeur de SEWS TN, Lucian Anghelescu, a affirm\u00e9 que la soci\u00e9t\u00e9 a choisi de<br \/>s\u2019implanter en Tunisie, au vu de sa proximit\u00e9 g\u00e9ographique de l\u2019Europe, de la qualit\u00e9 de la<br \/>formation des ing\u00e9nieurs, techniciens et de la main d\u2019\u0153uvre en g\u00e9n\u00e9ral, et de l\u2019importance des<br \/>opportunit\u00e9s d\u2019investissement disponibles. Les premi\u00e8res commandes de cette unit\u00e9 seront<br \/>export\u00e9es vers la France, la Turquie et l\u2019Espagne.<br \/>Cr\u00e9\u00e9 en avril 1897, le groupe Sumitomo Electric System compte 250 mille emplois \u00e0 travers<br \/>le monde. Parmi les principaux clients de la soci\u00e9t\u00e9 en Europe, les marques automobiles Fiat,<br \/>Ford, Honda, Nissan, Renault, Sodeco, Toyota et Volkswagen.<br \/>Pour rappel, le secteur des composants automobile en Tunisie est un secteur strat\u00e9gique qui<br \/>contribue de l\u2019ordre de 4% au PIB, avec 2 Milliards d\u2019euros \u00e0 l\u2019export et un taux de 10,74%<br \/>de croissance moyenne en valeur des exportations. Avec ses 260 entreprises et ses 80 000<br \/>emplois, la Tunisie fait partie du Top 3 des producteurs des composants automobiles en<br \/>Afrique. Elle est l\u2019un des principaux fournisseurs de l\u2019Union europ\u00e9enne.<\/p>\n<p class=\"dpsp-share-text\">Partager c&rsquo;est aimer!<\/p>\n<div class=\"wp-post-author-wrap wp-post-author-shortcode left\">\n<h3 class=\"awpa-title\"\/>\n<div class=\"wp-post-author\">\n<div class=\"awpa-img awpa-author-block square\"><a href=\"http:\/\/lexpertjournal.net\/fr\/author\/expert\/\"><img loading=\"lazy\" decoding=\"async\" alt=\"\" src=\"http:\/\/0.gravatar.com\/avatar\/c828f0b17d24309f0d01a4eac3747085?s=150&#038;d=mm&#038;r=g\" srcset=\"http:\/\/0.gravatar.com\/avatar\/c828f0b17d24309f0d01a4eac3747085?s=300&#038;d=mm&#038;r=g 2x\" class=\"avatar avatar-150 photo\" height=\"150\" width=\"150\"\/><\/a><\/div>\n<\/div>\n<\/div>\n<p>Auteur: L&rsquo;expert<br \/>\n<a href=\"http:\/\/lexpertjournal.net\/fr\/2019\/12\/07\/sumitomo-electric-system-a-monastir-coup-denvoi-a-la-construction-de-la-cablerie\/\">Cliquez ici pour lire l&rsquo;article depuis sa source.<\/a><\/p>\n","protected":false},"excerpt":{"rendered":"<p>Le chef de gouvernement charg\u00e9 de la gestion des affaires courantes, Youssef Chahed, a pos\u00e9,jeudi, \u00e0 Monastir, la premi\u00e8re pierre de l\u2019unit\u00e9 industrielle \u00ab Sumitomo Electric SystemTunisia \u00bb, filiale du g\u00e9ant japonais \u00ab Somito Electric System Europ \u00bb, sp\u00e9cialis\u00e9e dans lec\u00e2blage \u00e9lectrique et les composants \u00e9lectroniques, destin\u00e9s aux plus grands constructeursautomobiles internationaux.Chahed a indiqu\u00e9, dans [&hellip;]<\/p>\n","protected":false},"author":1775,"featured_media":0,"comment_status":"closed","ping_status":"closed","sticky":false,"template":"","format":"standard","meta":{"fifu_image_url":"","fifu_image_alt":"","footnotes":""},"categories":[78,55],"tags":[],"class_list":["post-69537","post","type-post","status-publish","format-standard","hentry","category-economie","category-tunisie"],"_links":{"self":[{"href":"https:\/\/linitiative.ca\/International\/wp-json\/wp\/v2\/posts\/69537","targetHints":{"allow":["GET"]}}],"collection":[{"href":"https:\/\/linitiative.ca\/International\/wp-json\/wp\/v2\/posts"}],"about":[{"href":"https:\/\/linitiative.ca\/International\/wp-json\/wp\/v2\/types\/post"}],"author":[{"embeddable":true,"href":"https:\/\/linitiative.ca\/International\/wp-json\/wp\/v2\/users\/1775"}],"replies":[{"embeddable":true,"href":"https:\/\/linitiative.ca\/International\/wp-json\/wp\/v2\/comments?post=69537"}],"version-history":[{"count":0,"href":"https:\/\/linitiative.ca\/International\/wp-json\/wp\/v2\/posts\/69537\/revisions"}],"wp:attachment":[{"href":"https:\/\/linitiative.ca\/International\/wp-json\/wp\/v2\/media?parent=69537"}],"wp:term":[{"taxonomy":"category","embeddable":true,"href":"https:\/\/linitiative.ca\/International\/wp-json\/wp\/v2\/categories?post=69537"},{"taxonomy":"post_tag","embeddable":true,"href":"https:\/\/linitiative.ca\/International\/wp-json\/wp\/v2\/tags?post=69537"}],"curies":[{"name":"wp","href":"https:\/\/api.w.org\/{rel}","templated":true}]}}