{"id":69541,"date":"2019-12-07T09:12:00","date_gmt":"2019-12-07T14:12:00","guid":{"rendered":"https:\/\/linitiative.ca\/International\/la-seance-levee-said-bouteflika-convoque-comme-temoin\/"},"modified":"2019-12-07T09:12:00","modified_gmt":"2019-12-07T14:12:00","slug":"la-seance-levee-said-bouteflika-convoque-comme-temoin","status":"publish","type":"post","link":"https:\/\/linitiative.ca\/International\/la-seance-levee-said-bouteflika-convoque-comme-temoin\/","title":{"rendered":"La s\u00e9ance lev\u00e9e, Sa\u00efd Bouteflika convoqu\u00e9 comme t\u00e9moin"},"content":{"rendered":"<div id=\"originalText\" readability=\"46\">\n<p>Cit\u00e9 dans plusieurs dossiers, notamment l\u2019affaire li\u00e9e au financement de la campagne \u00e9lectorale du cinqui\u00e8me mandat avort\u00e9, Sa\u00efd Bouteflika devrait comparaitre \u00e0 la barre du tribunal de Sidi M\u2019hamed comme t\u00e9moin.<\/p>\n<p>Au troisi\u00e8me jour de l\u2019ouverture du proc\u00e8s d\u2019ex-hauts responsables et d\u2019hommes d\u2019affaires, le procureur de la r\u00e9publique pr\u00e8s le tribunal de Sidi M\u2019hamed a demand\u00e9 \u00e0 \u00e9couter le fr\u00e8re et ex conseiller du pr\u00e9sident d\u00e9chu Abdelaziz Bouteflika.<\/p>\n<p>La s\u00e9ance a \u00e9t\u00e9 ainsi lev\u00e9e peu avant 15h. Le pr\u00e9sident devrait, apr\u00e8s d\u00e9lib\u00e9ration, informer de la poursuite de la s\u00e9ance ou son report en attendant la pr\u00e9sence de Sa\u00efd Bouteflika.<\/p>\n<p class=\"c6\"><strong>R\u00e9daction Web\u00a0 \u00a0<\/strong><\/p>\n<\/div>\n<div id=\"text_core\" readability=\"46\">\n<p>Cit\u00e9 dans plusieurs dossiers, notamment l\u2019affaire li\u00e9e au financement de la campagne \u00e9lectorale du cinqui\u00e8me mandat avort\u00e9, Sa\u00efd Bouteflika devrait comparaitre \u00e0 la barre du tribunal de Sidi M\u2019hamed comme t\u00e9moin.<\/p>\n<p>Au troisi\u00e8me jour de l\u2019ouverture du proc\u00e8s d\u2019ex-hauts responsables et d\u2019hommes d\u2019affaires, le procureur de la r\u00e9publique pr\u00e8s le tribunal de Sidi M\u2019hamed a demand\u00e9 \u00e0 \u00e9couter le fr\u00e8re et ex conseiller du pr\u00e9sident d\u00e9chu Abdelaziz Bouteflika.<\/p>\n<p>La s\u00e9ance a \u00e9t\u00e9 ainsi lev\u00e9e peu avant 15h. Le pr\u00e9sident devrait, apr\u00e8s d\u00e9lib\u00e9ration, informer de la poursuite de la s\u00e9ance ou son report en attendant la pr\u00e9sence de Sa\u00efd Bouteflika.<\/p>\n<p class=\"c6\"><strong>R\u00e9daction Web\u00a0 \u00a0<\/strong><\/p>\n<\/div>\n<p>Auteur:<br \/>\n<a href=\"https:\/\/www.liberte-algerie.com\/actualite\/la-seance-levee-said-bouteflika-convoque-comme-temoin-329615\">Cliquez ici pour lire l&rsquo;article depuis sa source.<\/a><\/p>\n","protected":false},"excerpt":{"rendered":"<p>Cit\u00e9 dans plusieurs dossiers, notamment l\u2019affaire li\u00e9e au financement de la campagne \u00e9lectorale du cinqui\u00e8me mandat avort\u00e9, Sa\u00efd Bouteflika devrait comparaitre \u00e0 la barre du tribunal de Sidi M\u2019hamed comme t\u00e9moin. Au troisi\u00e8me jour de l\u2019ouverture du proc\u00e8s d\u2019ex-hauts responsables et d\u2019hommes d\u2019affaires, le procureur de la r\u00e9publique pr\u00e8s le tribunal de Sidi M\u2019hamed a [&hellip;]<\/p>\n","protected":false},"author":1742,"featured_media":0,"comment_status":"closed","ping_status":"closed","sticky":false,"template":"","format":"standard","meta":{"fifu_image_url":"","fifu_image_alt":"","footnotes":""},"categories":[73,53],"tags":[],"class_list":["post-69541","post","type-post","status-publish","format-standard","hentry","category-actualite","category-algerie"],"_links":{"self":[{"href":"https:\/\/linitiative.ca\/International\/wp-json\/wp\/v2\/posts\/69541","targetHints":{"allow":["GET"]}}],"collection":[{"href":"https:\/\/linitiative.ca\/International\/wp-json\/wp\/v2\/posts"}],"about":[{"href":"https:\/\/linitiative.ca\/International\/wp-json\/wp\/v2\/types\/post"}],"author":[{"embeddable":true,"href":"https:\/\/linitiative.ca\/International\/wp-json\/wp\/v2\/users\/1742"}],"replies":[{"embeddable":true,"href":"https:\/\/linitiative.ca\/International\/wp-json\/wp\/v2\/comments?post=69541"}],"version-history":[{"count":0,"href":"https:\/\/linitiative.ca\/International\/wp-json\/wp\/v2\/posts\/69541\/revisions"}],"wp:attachment":[{"href":"https:\/\/linitiative.ca\/International\/wp-json\/wp\/v2\/media?parent=69541"}],"wp:term":[{"taxonomy":"category","embeddable":true,"href":"https:\/\/linitiative.ca\/International\/wp-json\/wp\/v2\/categories?post=69541"},{"taxonomy":"post_tag","embeddable":true,"href":"https:\/\/linitiative.ca\/International\/wp-json\/wp\/v2\/tags?post=69541"}],"curies":[{"name":"wp","href":"https:\/\/api.w.org\/{rel}","templated":true}]}}