{"id":69544,"date":"2019-12-07T06:43:13","date_gmt":"2019-12-07T11:43:13","guid":{"rendered":"https:\/\/linitiative.ca\/International\/lafrique-et-la-question-migratoire-sous-les-projecteurs-a-marrakech\/"},"modified":"2019-12-07T06:43:13","modified_gmt":"2019-12-07T11:43:13","slug":"lafrique-et-la-question-migratoire-sous-les-projecteurs-a-marrakech","status":"publish","type":"post","link":"https:\/\/linitiative.ca\/International\/lafrique-et-la-question-migratoire-sous-les-projecteurs-a-marrakech\/","title":{"rendered":"L\u2019Afrique et la question migratoire sous les projecteurs \u00e0 Marrakech"},"content":{"rendered":"<div readability=\"39\">\n<p>Marrakech \u2013 \u00ab\u00a0L\u2019Afrique et la question migratoire, un an apr\u00e8s l\u2019adoption du Pacte mondial pour la migration\u00a0\u00bb est le th\u00e8me d\u2019un colloque national organis\u00e9, vendredi apr\u00e8s-midi \u00e0 Marrakech, avec la participation d\u2019un parterre d\u2019experts, de chercheurs et de professeurs universitaires.<\/p>\n<\/div>\n<div readability=\"150\">\n<p>Initi\u00e9 par le Laboratoire des Recherches Juridiques et d\u2019Analyse des Politiques relevant de la Facult\u00e9 des Sciences juridiques, \u00e9conomiques et sociales (FSJES) de Marrakech, le Centre Marocain de la Diplomatie Parall\u00e8le et du Dialogue des Civilisations en partenariat avec la Fondation allemande Hanns Seidel, ce colloque vise \u00e0 recueillir les visions et les id\u00e9es des \u00e9lites et scientifiques ainsi que celles des experts concern\u00e9s par la question migratoire, afin d\u2019interagir avec les efforts internationaux en la mati\u00e8re et aussi pour engager un d\u00e9bat scientifique sur \u00ab\u00a0le Pacte mondial pour des migrations s\u00fbres, ordonn\u00e9es et r\u00e9guli\u00e8res\u00a0\u00bb un an apr\u00e8s son adoption.<\/p>\n<p>S\u2019exprimant \u00e0 l\u2019ouverture de cette rencontre au nom du d\u00e9partement du droit public \u00e0 la FSJES de Marrakech, le professeur de droit et des relations internationales, Mohammed Saham, s\u2019est f\u00e9licit\u00e9 de l\u2019organisation de ce Colloque qui traite d\u2019une th\u00e9matique d\u2019une extr\u00eame importance, tout en mettant en relief l\u2019apport consid\u00e9rable et la grande contribution de la recherche scientifique et du travail acad\u00e9mique au traitement de cette question d\u2019actualit\u00e9.<\/p>\n<p>De son c\u00f4t\u00e9, le pr\u00e9sident du Centre Marocain de la Diplomatie Parall\u00e8le et du Dialogue des Civilisations, le professeur Abdelfattah El Belamachi, a indiqu\u00e9 que la qualit\u00e9 des intervenants et des participants \u00e0 cette rencontre ne peut qu\u2019enrichir le d\u00e9bat en cours sur ce sujet, relevant que la question migratoire fait actuellement l\u2019objet d\u2019un d\u00e9bat acad\u00e9mique \u00e0 l\u2019\u00e9chelle internationale, en particulier sur le plan du d\u00e9veloppement du droit international en la mati\u00e8re.<\/p>\n<p>Il a, dans la foul\u00e9e, indiqu\u00e9 que le Maroc, qui est concern\u00e9 par ce d\u00e9bat acad\u00e9mique, est appel\u00e9 \u00e0 y contribuer activement en tant que pays du Sud et pionnier dans ce domaine \u00e0 l\u2019\u00e9chelle africaine, notant, dans ce sillage, que SM le Roi Mohammed VI a \u00e9t\u00e9 d\u00e9sign\u00e9 par les chefs d\u2019Etats africains \u00ab\u00a0Leader de l\u2019Union Africaine sur la question de la migration\u00a0\u00bb lors du 28\u00e8me Sommet tenu \u00e0 Addis-Abeba.<\/p>\n<p>M. El Belamachi a \u00e9galement rappel\u00e9 la d\u00e9cision de la cr\u00e9ation de l\u2019Observatoire africain des migrations \u00e0 Rabat, lors du 31\u00e8me Sommet de l\u2019Organisation panafricaine, tenu \u00e0 Nouakchott.<\/p>\n<p>Et le pr\u00e9sident du Centre de poursuivre que le Royaume a conclu des partenariats avec l\u2019Union Europ\u00e9enne dans ce domaine et contribue avec efficience aux efforts internationaux en mati\u00e8re de traitement de la question migratoire, insistant sur l\u2019importance du volet acad\u00e9mique et de la recherche scientifique en la mati\u00e8re au sein de l\u2019universit\u00e9 marocaine pour la suggestion d\u2019id\u00e9es et la conception de visions \u00e0 m\u00eame de servir au traitement de ce genre de questions.<\/p>\n<p>Pour sa part, le repr\u00e9sentant de la Fondation allemande Hanns Seidel, Miloud Sefiani, a soulign\u00e9 la pertinence du choix du sujet de ce Colloque dans une situation globale \u00ab\u00a0instable\u00a0\u00bb, ajoutant que les caract\u00e9ristiques d\u2019immigrants et d\u2019immigration ne sont plus exactement les m\u00eames, puisqu\u2019elles sont devenues dor\u00e9navant spontan\u00e9es.<\/p>\n<p>Les situations socio-\u00e9conomiques sont les principales responsables d\u2019immigration particuli\u00e8rement en Afrique, a-t-il relev\u00e9, estimant que l\u2019exode rural, le ch\u00f4mage des dipl\u00f4m\u00e9s, l\u2019instabilit\u00e9 politique et l\u2019absence de la s\u00e9curit\u00e9 dans une grande partie des Etats africains repr\u00e9sentent les principales raisons de vouloir immigrer.<\/p>\n<p>\u00ab\u00a0L\u2019Afrique montre aujourd\u2019hui des richesses naturelles, humaines et m\u00eame \u00e9conomiques, \u00e9tant donn\u00e9 l\u2019importance que l\u2019on lui donne \u00e0 travers les diff\u00e9rents projets d\u2019investissements, les partenariats et les \u00e9changes scientifiques\u00a0\u00bb, a-t-il poursuivi.<\/p>\n<div readability=\"87\">\n<p>Et M. Sefiani d\u2019affirmer que \u00ab\u00a0d\u2019une source de main d\u2019oeuvre, l\u2019Afrique est devenue une v\u00e9ritable force \u00e9conomique et un espace d\u2019accueil des capitaux, des investissements et des offres d\u2019emplois\u00a0\u00bb, avant de conclure que le Continent \u00ab\u00a0se lance vers un avenir prometteur et un futur riche en termes de mouvements humains et \u00e9conomiques\u00a0\u00bb.<\/p>\n<p>La probl\u00e9matique de la migration dans tous ses aspects constitue un fl\u00e9au grandissant et nombreux sont les m\u00e9canismes qui tentent de cerner cette question et d\u2019essayer de mettre en place des solutions profondes et durables afin de r\u00e9pondre \u00e0 ses besoins pressants et ce, tant au niveau des l\u00e9gislations nationales qu\u2019au niveau des actions internationales et multilat\u00e9rales, soulignent les organisateurs dans une note de pr\u00e9sentation de cette Rencontre.<\/p>\n<p>Le Continent africain est au centre des affaires de migration, d\u2019une part, parce qu\u2019il constitue une source des flux migratoires les plus importants, et d\u2019autre part, en \u00e9tant directement concern\u00e9 \u00e0 r\u00e9pondre des probl\u00e8mes et obstacles rencontr\u00e9s par l\u2019action internationale dans ce domaine: c\u2019est la raison pour laquelle cette question a \u00e9t\u00e9 trait\u00e9e, \u00e0 maintes reprises, lors des Sommets de l\u2019Union Africaine.<\/p>\n<p>Le ph\u00e9nom\u00e8ne de la migration pr\u00e9sente deux aspects: le premier est positif et m\u00e9rite d\u2019\u00eatre encourag\u00e9, quant au second, il consiste en la migration ill\u00e9gale, avec tous les probl\u00e8mes qu\u2019elle peut provoquer que ce soit sur le plan \u00e9conomique et social que sur le plan s\u00e9curitaire. Cette derni\u00e8re est n\u00e9faste d\u2019o\u00f9 l\u2019imp\u00e9ratif de la contenir et de limiter sa port\u00e9e.<\/p>\n<p>Traditionnellement, le contr\u00f4le de la migration irr\u00e9guli\u00e8re se fait par l\u2019adoption de lois et la r\u00e9gularisation de la situation des migrants, alors que pour mettre fin \u00e0 cette pratique, il faut une approche plus globale et coop\u00e9rative consistant en le renforcement de la coop\u00e9ration internationale qui viserait en particulier la promotion des secteurs socio-\u00e9conomiques des pays exportateurs de migrants et l\u2019\u00e9laboration de programmes garantissant aux potentiels migrants leur dignit\u00e9, surtout dans ce Continent o\u00f9 s\u00e9vissent les guerres civiles, la pauvret\u00e9 et la pr\u00e9carit\u00e9.<\/p>\n<p>C\u2019est dans ce sens que les efforts entrepris \u00e0 l\u2019occasion de la Conf\u00e9rence intergouvernementale organis\u00e9e \u00e0 Marrakech, les 10 et 11 d\u00e9cembre 2018 ont \u00e9t\u00e9 couronn\u00e9s par l\u2019adoption du \u00ab\u00a0Pacte mondial pour des migrations s\u00fbres, ordonn\u00e9es et r\u00e9guli\u00e8res\u00a0\u00bb.<\/p>\n<p>Il s\u2019agit, en effet, d\u2019un document qui fera sans doute objet de d\u00e9bats scientifiques et permettra d\u2019approfondir la recherche acad\u00e9mique en la mati\u00e8re, souligne-t-on.<\/p>\n<p>Les travaux de ce Colloque national ont \u00e9t\u00e9 scind\u00e9s en deux sessions qui s\u2019articulent autour de deux axes principaux, \u00e0 savoir \u00ab\u00a0la contribution de l\u2019Union Africaine \u00e0 la politique internationale de la migration\u00a0\u00bb et \u00ab\u00a0les recommandations du Pacte mondial pour des migrations s\u00fbres et les d\u00e9fis de leur mise en oeuvre\u00a0\u00bb.<\/p>\n<p>Lors de la premi\u00e8re session, les pan\u00e9listes ont abord\u00e9 une multitude de th\u00e8mes, dont la \u00ab\u00a0Migration en Afrique : Approche g\u00e9opolitique \u00e0 la lumi\u00e8re des mutations de l\u2019ordre mondial\u00a0\u00bb, l&rsquo;\u00a0\u00bbImpact financier et \u00e9conomique de la migration en Afrique\u00a0\u00bb, la \u00ab\u00a0Position de l\u2019Afrique sur la question migratoire et la priorit\u00e9 du respect des droits de l\u2019Homme\u00a0\u00bb, le \u00ab\u00a0R\u00f4le du Maroc dans l\u2019Union Africaine sur la question migratoire\u00a0\u00bb et les \u00ab\u00a0Questions de migration internationale \u00e0 la lumi\u00e8re de l\u2019action des organes de l\u2019Union Africaine\u00a0\u00bb.<\/p>\n<p>Quant \u00e0 la deuxi\u00e8me session, elle s\u2019est focalis\u00e9e sur des th\u00e8mes en rapport avec les \u00ab\u00a0D\u00e9fis de la migration africaine transfrontali\u00e8re : une responsabilit\u00e9 partag\u00e9e\u00a0\u00bb, \u00ab\u00a0Le Pacte mondial pour la migration et l\u2019humanisation du ph\u00e9nom\u00e8ne de la migration\u00a0\u00bb, le \u00ab\u00a0Droit international de la migration, la contribution des pays africains\u00a0\u00bb, \u00ab\u00a0Les d\u00e9fis professionnels et \u00e9thiques des m\u00e9dias face aux probl\u00e8mes de migration \u00e0 la lumi\u00e8re du Pacte mondial pour les migrations\u00a0\u00bb et le \u00ab\u00a0Pacte mondial pour la migration entre objectifs ambitieux et probl\u00e9matique de son application : Opportunit\u00e9s et risques\u00a0\u00bb.<\/p>\n<\/div>\n<\/div>\n<p>Auteur: Meriem IGASS<br \/>\n<a href=\"http:\/\/www.mapmarrakech.ma\/fr\/lafrique-et-la-question-migratoire-sous-les-projecteurs-a-marrakech\/\">Cliquez ici pour lire l&rsquo;article depuis sa source.<\/a><\/p>\n","protected":false},"excerpt":{"rendered":"<p>Marrakech \u2013 \u00ab\u00a0L\u2019Afrique et la question migratoire, un an apr\u00e8s l\u2019adoption du Pacte mondial pour la migration\u00a0\u00bb est le th\u00e8me d\u2019un colloque national organis\u00e9, vendredi apr\u00e8s-midi \u00e0 Marrakech, avec la participation d\u2019un parterre d\u2019experts, de chercheurs et de professeurs universitaires. Initi\u00e9 par le Laboratoire des Recherches Juridiques et d\u2019Analyse des Politiques relevant de la Facult\u00e9 [&hellip;]<\/p>\n","protected":false},"author":1788,"featured_media":0,"comment_status":"closed","ping_status":"closed","sticky":false,"template":"","format":"standard","meta":{"fifu_image_url":"","fifu_image_alt":"","footnotes":""},"categories":[54,76],"tags":[],"class_list":["post-69544","post","type-post","status-publish","format-standard","hentry","category-maroc","category-regions"],"_links":{"self":[{"href":"https:\/\/linitiative.ca\/International\/wp-json\/wp\/v2\/posts\/69544","targetHints":{"allow":["GET"]}}],"collection":[{"href":"https:\/\/linitiative.ca\/International\/wp-json\/wp\/v2\/posts"}],"about":[{"href":"https:\/\/linitiative.ca\/International\/wp-json\/wp\/v2\/types\/post"}],"author":[{"embeddable":true,"href":"https:\/\/linitiative.ca\/International\/wp-json\/wp\/v2\/users\/1788"}],"replies":[{"embeddable":true,"href":"https:\/\/linitiative.ca\/International\/wp-json\/wp\/v2\/comments?post=69544"}],"version-history":[{"count":0,"href":"https:\/\/linitiative.ca\/International\/wp-json\/wp\/v2\/posts\/69544\/revisions"}],"wp:attachment":[{"href":"https:\/\/linitiative.ca\/International\/wp-json\/wp\/v2\/media?parent=69544"}],"wp:term":[{"taxonomy":"category","embeddable":true,"href":"https:\/\/linitiative.ca\/International\/wp-json\/wp\/v2\/categories?post=69544"},{"taxonomy":"post_tag","embeddable":true,"href":"https:\/\/linitiative.ca\/International\/wp-json\/wp\/v2\/tags?post=69544"}],"curies":[{"name":"wp","href":"https:\/\/api.w.org\/{rel}","templated":true}]}}