{"id":69545,"date":"2019-12-07T07:22:19","date_gmt":"2019-12-07T12:22:19","guid":{"rendered":"https:\/\/linitiative.ca\/International\/tenue-de-la-4eme-conference-de-lunion-arabe-des-controleurs-dassurances\/"},"modified":"2019-12-07T07:22:19","modified_gmt":"2019-12-07T12:22:19","slug":"tenue-de-la-4eme-conference-de-lunion-arabe-des-controleurs-dassurances","status":"publish","type":"post","link":"https:\/\/linitiative.ca\/International\/tenue-de-la-4eme-conference-de-lunion-arabe-des-controleurs-dassurances\/","title":{"rendered":"Tenue de la 4\u00e8me Conf\u00e9rence de l\u2019Union Arabe des Contr\u00f4leurs d\u2019Assurances"},"content":{"rendered":"<p><iframe loading=\"lazy\" width=\"1170\" height=\"658\" src=\"https:\/\/www.youtube.com\/embed\/Mv4ZOdxAQ2g?feature=oembed\" frameborder=\"0\" allow=\"accelerometer; autoplay; encrypted-media; gyroscope; picture-in-picture\" allowfullscreen=\"\">[embedded content]<\/iframe><\/p>\n<div class=\"post-header-inner\">\n<div class=\"post-header-title\">\n<p>\n\t\t\t\t<span class=\"time\"><time class=\"post-published updated\" datetime=\"2019-12-07T13:22:19+00:00\"><b><b> 7 d\u00e9cembre 2019  <\/b> <\/b><\/time><\/span>\n\t\t\t<\/p>\n<\/p><\/div>\n<\/p><\/div>\n<div class=\"single-post-excerpt post-excerpt-bc\" readability=\"35\">\n<p>La 4\u00e8me \u00e9dition de la Conf\u00e9rence de l\u2019Union Arabe des Contr\u00f4leurs d\u2019Assurances (AUIRC) s\u2019est tenue \u00e0 Marrakech sous le th\u00e8me \u00ab D\u00e9fis de la r\u00e9gulation du secteur des assurances dans la r\u00e9gion MENA \u00bb,<\/p>\n<\/div>\n<p>Auteur: Meriem IGASS<br \/>\n<a href=\"http:\/\/www.mapmarrakech.ma\/fr\/tenue-de-la-4eme-conference-de-lunion-arabe-des-controleurs-dassurances\/\">Cliquez ici pour lire l&rsquo;article depuis sa source.<\/a><\/p>\n","protected":false},"excerpt":{"rendered":"<p>[embedded content] 7 d\u00e9cembre 2019 La 4\u00e8me \u00e9dition de la Conf\u00e9rence de l\u2019Union Arabe des Contr\u00f4leurs d\u2019Assurances (AUIRC) s\u2019est tenue \u00e0 Marrakech sous le th\u00e8me \u00ab D\u00e9fis de la r\u00e9gulation du secteur des assurances dans la r\u00e9gion MENA \u00bb, Auteur: Meriem IGASS Cliquez ici pour lire l&rsquo;article depuis sa source.<\/p>\n","protected":false},"author":1788,"featured_media":0,"comment_status":"closed","ping_status":"closed","sticky":false,"template":"","format":"standard","meta":{"fifu_image_url":"","fifu_image_alt":"","footnotes":""},"categories":[54,76],"tags":[],"class_list":["post-69545","post","type-post","status-publish","format-standard","hentry","category-maroc","category-regions"],"_links":{"self":[{"href":"https:\/\/linitiative.ca\/International\/wp-json\/wp\/v2\/posts\/69545","targetHints":{"allow":["GET"]}}],"collection":[{"href":"https:\/\/linitiative.ca\/International\/wp-json\/wp\/v2\/posts"}],"about":[{"href":"https:\/\/linitiative.ca\/International\/wp-json\/wp\/v2\/types\/post"}],"author":[{"embeddable":true,"href":"https:\/\/linitiative.ca\/International\/wp-json\/wp\/v2\/users\/1788"}],"replies":[{"embeddable":true,"href":"https:\/\/linitiative.ca\/International\/wp-json\/wp\/v2\/comments?post=69545"}],"version-history":[{"count":0,"href":"https:\/\/linitiative.ca\/International\/wp-json\/wp\/v2\/posts\/69545\/revisions"}],"wp:attachment":[{"href":"https:\/\/linitiative.ca\/International\/wp-json\/wp\/v2\/media?parent=69545"}],"wp:term":[{"taxonomy":"category","embeddable":true,"href":"https:\/\/linitiative.ca\/International\/wp-json\/wp\/v2\/categories?post=69545"},{"taxonomy":"post_tag","embeddable":true,"href":"https:\/\/linitiative.ca\/International\/wp-json\/wp\/v2\/tags?post=69545"}],"curies":[{"name":"wp","href":"https:\/\/api.w.org\/{rel}","templated":true}]}}