{"id":69546,"date":"2019-12-07T04:00:05","date_gmt":"2019-12-07T09:00:05","guid":{"rendered":"https:\/\/linitiative.ca\/International\/presse-regionale-le-debat-televise-des-candidats-a-la-presidentielle-un-echange-inedit\/"},"modified":"2019-12-07T04:00:05","modified_gmt":"2019-12-07T09:00:05","slug":"presse-regionale-le-debat-televise-des-candidats-a-la-presidentielle-un-echange-inedit","status":"publish","type":"post","link":"https:\/\/linitiative.ca\/International\/presse-regionale-le-debat-televise-des-candidats-a-la-presidentielle-un-echange-inedit\/","title":{"rendered":"Presse r\u00e9gionale: le d\u00e9bat t\u00e9l\u00e9vis\u00e9 des candidats \u00e0 la pr\u00e9sidentielle, \u2018\u2019un \u00e9change in\u00e9dit\u2019\u2019"},"content":{"rendered":"<div readability=\"34\">\n<p><strong>CONSTANTINE &#8211; Les journaux r\u00e9gionaux paraissant samedi dans l\u2019Est du pays ont relev\u00e9 que le d\u00e9bat t\u00e9l\u00e9vis\u00e9 des cinq candidats \u00e0 l&rsquo;\u00e9lection pr\u00e9sidentielle du 12 d\u00e9cembre prochain\u00a0 \u00e9tait \u2018\u2019un \u00e9change in\u00e9dit\u2019\u2019 qui a marqu\u00e9 le 20\u00e8me jour de la campagne \u00e9lectorale.<\/strong><\/p>\n<\/div>\n<div readability=\"75\">\n<p>L\u2019Est R\u00e9publicain, \u00e9voquant \u2018\u2019une campagne \u00e9lectorale compliqu\u00e9e sur tous les plans\u2019\u2019 a d\u00e9plor\u00e9\u00a0 l\u2019absence d\u2019un organisme fiable, pour mesurer l\u2019audimat pour \u2018\u2019avoir une id\u00e9e m\u00eame approximative sur ce d\u00e9bat\u2019\u2019 soulignant toutefois que les t\u00e9l\u00e9visions\u00a0 publiques et priv\u00e9es, ainsi que les radios l\u2019ont pr\u00e9sent\u00e9 comme \u2018\u2019un \u00e9v\u00e8nement majeur\u2019\u2019.<\/p>\n<p>Commentant que le \u2018\u2019show t\u00e9l\u00e9vis\u00e9\u2019\u2019 \u00e9tait \u2018\u2019balis\u00e9 et formalis\u00e9\u2019\u2019, la publication, \u00e9dit\u00e9e \u00e0 Annaba est revenue sur l\u2019essentiel des r\u00e9ponses des candidats \u00e0 la magistrature supr\u00eame pour r\u00e9pliquer aux\u00a0 13 questions relatives entre autres \u00e0 la situation politique, \u00e9conomique et sociale du pays.<\/p>\n<p>La publication a conclu son analyse en affirmant que \u2018\u2019ce d\u00e9bat aura le m\u00e9rite de permettre aux citoyens \u00e9lecteurs de se faire une id\u00e9e pr\u00e9cise des programmes respectifs des candidats\u2019\u2019.<\/p>\n<p>Edough news,\u00a0 soulignant que le d\u00e9bat t\u00e9l\u00e9vis\u00e9 entre les candidats \u00e0 la pr\u00e9sidentielle \u00e9tait \u2018\u2019une premi\u00e8re\u2019\u2019, a fait ressortir la vision de chaque candidat sur plusieurs des questions pos\u00e9es, retenant que les pr\u00e9tendants \u00e0 la magistrature supr\u00eame s\u2019accordaient \u00e0 dire que\u00a0 l\u2019ANIE (Autorit\u00e9 nationale ind\u00e9pendante des \u00e9lections) \u00e9tait\u00a0 \u00ab\u00a0un acquis d\u00e9mocratique \u00e0 m\u00eame de consacrer le pluralisme et \u00e9loigner les \u00e9lections des pratiques administratives\u00a0\u00bb.<\/p>\n<p>Annasr a relay\u00e9 le 19\u00e8me jour de la campagne \u00e9lectorale relevant que les\u00a0 candidats en lice pour le palais d\u2019El Mouradia se sont efforc\u00e9s de d\u00e9tailler leurs programmes et renouveler leurs engagements \u00e0 mener des r\u00e9formes fondamentales dans tous les secteurs.<\/p>\n<p>Le\u00a0 quotidien a rapport\u00e9 que le candidat Ali Benflis s\u2019est engag\u00e9 \u00e0 Constantine \u00e0 accorder des postes de responsabilit\u00e9s aux femmes et aux jeunes quand\u00a0 Abdelaziz Bela\u00efd a plaid\u00e9, depuis la m\u00eame ville pour le retour des comp\u00e9tences alg\u00e9riennes \u00e0 l\u2019\u00e9tranger et que Azzedine Mihoubi, s\u2019est engag\u00e9 depuis S\u00e9tif \u00e0 restituer \u00e0 l\u2019Histoire sa place dans le syst\u00e8me scolaire et culturel ainsi que dans les m\u00e9dias et la vie des familles alg\u00e9riennes.<\/p>\n<p>La d\u00e9claration du ministre de la Communication affirmant\u00a0 \u00e0 Illizi, que les marches\u00a0 qui continuent dans les quatre coins du pays pour d\u00e9noncer les tentatives d&rsquo;ing\u00e9rence \u00e9trang\u00e8re dans les affaires internes de l&rsquo;Alg\u00e9rie et soutenir la prochaine \u00e9lection pr\u00e9sidentielle \u00e9taient \u00ab\u00a0une preuve irr\u00e9futable\u00a0\u00bb de la conscience du peuple alg\u00e9rien, a \u00e9t\u00e9 \u00e9galement largement r\u00e9percut\u00e9 par des titres de la presse de l\u2019Est du pays.<\/p>\n<\/div>\n<p>Auteur:<br \/>\n<a href=\"http:\/\/www.aps.dz\/regions\/98582-presse-regionale-le-debat-televise-des-candidats-a-la-presidentielle-un-echange-inedit\">Cliquez ici pour lire l&rsquo;article depuis sa source.<\/a><\/p>\n","protected":false},"excerpt":{"rendered":"<p>CONSTANTINE &#8211; Les journaux r\u00e9gionaux paraissant samedi dans l\u2019Est du pays ont relev\u00e9 que le d\u00e9bat t\u00e9l\u00e9vis\u00e9 des cinq candidats \u00e0 l&rsquo;\u00e9lection pr\u00e9sidentielle du 12 d\u00e9cembre prochain\u00a0 \u00e9tait \u2018\u2019un \u00e9change in\u00e9dit\u2019\u2019 qui a marqu\u00e9 le 20\u00e8me jour de la campagne \u00e9lectorale. L\u2019Est R\u00e9publicain, \u00e9voquant \u2018\u2019une campagne \u00e9lectorale compliqu\u00e9e sur tous les plans\u2019\u2019 a d\u00e9plor\u00e9\u00a0 l\u2019absence [&hellip;]<\/p>\n","protected":false},"author":1790,"featured_media":0,"comment_status":"closed","ping_status":"closed","sticky":false,"template":"","format":"standard","meta":{"fifu_image_url":"","fifu_image_alt":"","footnotes":""},"categories":[53,76],"tags":[],"class_list":["post-69546","post","type-post","status-publish","format-standard","hentry","category-algerie","category-regions"],"_links":{"self":[{"href":"https:\/\/linitiative.ca\/International\/wp-json\/wp\/v2\/posts\/69546","targetHints":{"allow":["GET"]}}],"collection":[{"href":"https:\/\/linitiative.ca\/International\/wp-json\/wp\/v2\/posts"}],"about":[{"href":"https:\/\/linitiative.ca\/International\/wp-json\/wp\/v2\/types\/post"}],"author":[{"embeddable":true,"href":"https:\/\/linitiative.ca\/International\/wp-json\/wp\/v2\/users\/1790"}],"replies":[{"embeddable":true,"href":"https:\/\/linitiative.ca\/International\/wp-json\/wp\/v2\/comments?post=69546"}],"version-history":[{"count":0,"href":"https:\/\/linitiative.ca\/International\/wp-json\/wp\/v2\/posts\/69546\/revisions"}],"wp:attachment":[{"href":"https:\/\/linitiative.ca\/International\/wp-json\/wp\/v2\/media?parent=69546"}],"wp:term":[{"taxonomy":"category","embeddable":true,"href":"https:\/\/linitiative.ca\/International\/wp-json\/wp\/v2\/categories?post=69546"},{"taxonomy":"post_tag","embeddable":true,"href":"https:\/\/linitiative.ca\/International\/wp-json\/wp\/v2\/tags?post=69546"}],"curies":[{"name":"wp","href":"https:\/\/api.w.org\/{rel}","templated":true}]}}