{"id":69551,"date":"2019-12-07T15:14:01","date_gmt":"2019-12-07T20:14:01","guid":{"rendered":"https:\/\/linitiative.ca\/International\/international-le-double-de-bensebaini-fait-gagner-monchengladbach-contre-le-bayern-video\/"},"modified":"2019-12-07T15:14:01","modified_gmt":"2019-12-07T20:14:01","slug":"international-le-double-de-bensebaini-fait-gagner-monchengladbach-contre-le-bayern-video","status":"publish","type":"post","link":"https:\/\/linitiative.ca\/International\/international-le-double-de-bensebaini-fait-gagner-monchengladbach-contre-le-bayern-video\/","title":{"rendered":"International : Le doubl\u00e9 de Bensebaini fait gagner M\u00f6nchengladbach contre le Bayern (Vid\u00e9o)"},"content":{"rendered":"<div readability=\"32\">\n<p>Auteur : <span class=\"time\">samedi 07 d\u00e9cembre 2019 18:30<\/span><\/p>\n<\/div>\n<div id=\"post_core\" readability=\"44\">\n<p>Le Borussia M\u00f6nchengladbach a un nouveau h\u00e9ros. Son nom: Ramy Bensebaini. Auteur d\u2019un doubl\u00e9, l\u2019ancien d\u00e9fenseur du Stade Rennais a donn\u00e9 la victoire aux siens ce samedi face au Bayern Munich (2-1), \u00e0 l\u2019occasion de la 14e journ\u00e9e de Bundesliga. Cette victoire permet \u00e0 M\u00f6nchengladbach de conserver sa place de leader avec un point d\u2019avance sur le RB Leipzig et de repousser son adversaire du jour \u00e0 sept points. Les Bavarois, avaient pourtant ouvert le score \u00e0 49e minute de jeu sur une frappe surpuissante du gauche d\u2019Ivan Perisic. Mais Bensebaini, recrut\u00e9 l\u2019\u00e9t\u00e9 dernier, a \u00e9galis\u00e9 d\u2019une t\u00eate sur corner (60e), avant de convertir un penalty obtenu par Marcus Thuram pour un tacle non ma\u00eetris\u00e9 de Javi Martinez (92e), qui \u00e9tait entr\u00e9 \u00e0 la 68e rapporte rmcsport.bfmtv.com.<\/p>\n<p><iframe loading=\"lazy\" allow=\"accelerometer; autoplay; encrypted-media; gyroscope; picture-in-picture\" allowfullscreen=\"\" frameborder=\"0\" height=\"315\" src=\"https:\/\/www.youtube.com\/embed\/pfR54xm5s2M\" width=\"560\">[embedded content]<\/iframe><\/p>\n<p><strong>Publi\u00e9 dans :<\/strong> <span>Bensebaini<\/span><\/p>\n<\/div>\n<p>Auteur:<br \/>\n<a href=\"http:\/\/www.lebuteur.com\/article\/detail?titre=le-double-de-bensebaini-fait-gagner-monchengladbach-contre-le-bayern-video&#038;id=93421&#038;utm_source=feedburner&#038;utm_medium=feed&#038;utm_campaign=Feed%3A+GalerieFArtciles+%28Les+derniers+articles++-+lebuteur.com%29\">Cliquez ici pour lire l&rsquo;article depuis sa source.<\/a><\/p>\n","protected":false},"excerpt":{"rendered":"<p>Auteur : samedi 07 d\u00e9cembre 2019 18:30 Le Borussia M\u00f6nchengladbach a un nouveau h\u00e9ros. Son nom: Ramy Bensebaini. Auteur d\u2019un doubl\u00e9, l\u2019ancien d\u00e9fenseur du Stade Rennais a donn\u00e9 la victoire aux siens ce samedi face au Bayern Munich (2-1), \u00e0 l\u2019occasion de la 14e journ\u00e9e de Bundesliga. Cette victoire permet \u00e0 M\u00f6nchengladbach de conserver sa [&hellip;]<\/p>\n","protected":false},"author":1738,"featured_media":69552,"comment_status":"closed","ping_status":"closed","sticky":false,"template":"","format":"standard","meta":{"fifu_image_url":"","fifu_image_alt":"","footnotes":""},"categories":[53,75],"tags":[],"class_list":["post-69551","post","type-post","status-publish","format-standard","has-post-thumbnail","hentry","category-algerie","category-sport"],"_links":{"self":[{"href":"https:\/\/linitiative.ca\/International\/wp-json\/wp\/v2\/posts\/69551","targetHints":{"allow":["GET"]}}],"collection":[{"href":"https:\/\/linitiative.ca\/International\/wp-json\/wp\/v2\/posts"}],"about":[{"href":"https:\/\/linitiative.ca\/International\/wp-json\/wp\/v2\/types\/post"}],"author":[{"embeddable":true,"href":"https:\/\/linitiative.ca\/International\/wp-json\/wp\/v2\/users\/1738"}],"replies":[{"embeddable":true,"href":"https:\/\/linitiative.ca\/International\/wp-json\/wp\/v2\/comments?post=69551"}],"version-history":[{"count":0,"href":"https:\/\/linitiative.ca\/International\/wp-json\/wp\/v2\/posts\/69551\/revisions"}],"wp:featuredmedia":[{"embeddable":true,"href":"https:\/\/linitiative.ca\/International\/wp-json\/"}],"wp:attachment":[{"href":"https:\/\/linitiative.ca\/International\/wp-json\/wp\/v2\/media?parent=69551"}],"wp:term":[{"taxonomy":"category","embeddable":true,"href":"https:\/\/linitiative.ca\/International\/wp-json\/wp\/v2\/categories?post=69551"},{"taxonomy":"post_tag","embeddable":true,"href":"https:\/\/linitiative.ca\/International\/wp-json\/wp\/v2\/tags?post=69551"}],"curies":[{"name":"wp","href":"https:\/\/api.w.org\/{rel}","templated":true}]}}