{"id":69555,"date":"2019-12-07T15:14:06","date_gmt":"2019-12-07T20:14:06","guid":{"rendered":"https:\/\/linitiative.ca\/International\/pros-mgladbach-marco-rose-pour-un-arriere-gauche-marquer-deux-buts-face-au-bayern-est-extraordinaire\/"},"modified":"2019-12-07T15:14:06","modified_gmt":"2019-12-07T20:14:06","slug":"pros-mgladbach-marco-rose-pour-un-arriere-gauche-marquer-deux-buts-face-au-bayern-est-extraordinaire","status":"publish","type":"post","link":"https:\/\/linitiative.ca\/International\/pros-mgladbach-marco-rose-pour-un-arriere-gauche-marquer-deux-buts-face-au-bayern-est-extraordinaire\/","title":{"rendered":"Pros : M&rsquo;gladbach &#8211; Marco Rose : \u00ab\u00a0Pour un arri\u00e8re-gauche, marquer deux buts face au Bayern est extraordinaire\u00a0\u00bb"},"content":{"rendered":"<div readability=\"32\">\n<p>Auteur : <span class=\"time\">samedi 07 d\u00e9cembre 2019 19:22<\/span><\/p>\n<\/div>\n<div id=\"post_core\" readability=\"45\">\n<p><strong>D\u00e9clarations :<\/strong><\/p>\n<p>Marco Rose (entraineur de M&rsquo;gladbach) : <em>\u00ab\u00a0Ce match va donner de la confiance \u00e0 Ramy. Pour un arri\u00e8re-gauche, marquer deux buts face au Bayern est extraordinaire. Je suis tr\u00e8s content pour lui\u00a0\u00bb.<\/em><\/p>\n<p>Marcus Thuram : <em>\u00ab\u00a0Le Bayern ne nous a pas facilit\u00e9 la t\u00e2che aujourd&rsquo;hui, mais on est tous tr\u00e8s contents pour Ramy qui nous donne la victoire avec son doubl\u00e9. M&rsquo;gladbach est un club fantastique avec de super fans\u00a0\u00bb.<\/em><\/p>\n<p>Yann Sommer : <em>\u00ab\u00a0Sur le deuxi\u00e8me but, nous savions que Ramy est un bon tireur de penalty. Je suis content pour lui. Il a marqu\u00e9 un doubl\u00e9 contre le Bayern dans un match tr\u00e8s important\u00a0\u00bb.<\/em><\/p>\n<p><strong>Publi\u00e9 dans :<\/strong> <span>Bensebaini<\/span><\/p>\n<\/div>\n<p>Auteur:<br \/>\n<a href=\"http:\/\/www.lebuteur.com\/article\/detail?titre=mgladbach-marco-rose-pour-un-arriere-gauche-marquer-deux-buts-face-au-bayern-est-extraordinaire&#038;id=93423&#038;utm_source=feedburner&#038;utm_medium=feed&#038;utm_campaign=Feed%3A+GalerieFArtciles+%28Les+derniers+articles++-+lebuteur.com%29\">Cliquez ici pour lire l&rsquo;article depuis sa source.<\/a><\/p>\n","protected":false},"excerpt":{"rendered":"<p>Auteur : samedi 07 d\u00e9cembre 2019 19:22 D\u00e9clarations : Marco Rose (entraineur de M&rsquo;gladbach) : \u00ab\u00a0Ce match va donner de la confiance \u00e0 Ramy. Pour un arri\u00e8re-gauche, marquer deux buts face au Bayern est extraordinaire. Je suis tr\u00e8s content pour lui\u00a0\u00bb. Marcus Thuram : \u00ab\u00a0Le Bayern ne nous a pas facilit\u00e9 la t\u00e2che aujourd&rsquo;hui, mais [&hellip;]<\/p>\n","protected":false},"author":1738,"featured_media":69556,"comment_status":"closed","ping_status":"closed","sticky":false,"template":"","format":"standard","meta":{"fifu_image_url":"","fifu_image_alt":"","footnotes":""},"categories":[53,75],"tags":[],"class_list":["post-69555","post","type-post","status-publish","format-standard","has-post-thumbnail","hentry","category-algerie","category-sport"],"_links":{"self":[{"href":"https:\/\/linitiative.ca\/International\/wp-json\/wp\/v2\/posts\/69555","targetHints":{"allow":["GET"]}}],"collection":[{"href":"https:\/\/linitiative.ca\/International\/wp-json\/wp\/v2\/posts"}],"about":[{"href":"https:\/\/linitiative.ca\/International\/wp-json\/wp\/v2\/types\/post"}],"author":[{"embeddable":true,"href":"https:\/\/linitiative.ca\/International\/wp-json\/wp\/v2\/users\/1738"}],"replies":[{"embeddable":true,"href":"https:\/\/linitiative.ca\/International\/wp-json\/wp\/v2\/comments?post=69555"}],"version-history":[{"count":0,"href":"https:\/\/linitiative.ca\/International\/wp-json\/wp\/v2\/posts\/69555\/revisions"}],"wp:featuredmedia":[{"embeddable":true,"href":"https:\/\/linitiative.ca\/International\/wp-json\/"}],"wp:attachment":[{"href":"https:\/\/linitiative.ca\/International\/wp-json\/wp\/v2\/media?parent=69555"}],"wp:term":[{"taxonomy":"category","embeddable":true,"href":"https:\/\/linitiative.ca\/International\/wp-json\/wp\/v2\/categories?post=69555"},{"taxonomy":"post_tag","embeddable":true,"href":"https:\/\/linitiative.ca\/International\/wp-json\/wp\/v2\/tags?post=69555"}],"curies":[{"name":"wp","href":"https:\/\/api.w.org\/{rel}","templated":true}]}}