{"id":69565,"date":"2019-12-06T18:00:00","date_gmt":"2019-12-06T23:00:00","guid":{"rendered":"https:\/\/linitiative.ca\/International\/dans-la-lucarne-des-clubs-sans-renfort\/"},"modified":"2019-12-06T18:00:00","modified_gmt":"2019-12-06T23:00:00","slug":"dans-la-lucarne-des-clubs-sans-renfort","status":"publish","type":"post","link":"https:\/\/linitiative.ca\/International\/dans-la-lucarne-des-clubs-sans-renfort\/","title":{"rendered":"Dans la LUCARNE : Des clubs sans renfort"},"content":{"rendered":"<p>Le football national au niveau de ses deux divisions est sur le point de boucler la phase aller apr\u00e8s des rencontres tr\u00e8s disput\u00e9es. En effet, la phase aller du championnat de la Ligue 1 s\u2019ach\u00e8vera le 18 d\u00e9cembre, alors que celui de la Ligue 2 a \u00e9t\u00e9 arr\u00eat\u00e9 pour le 14 du m\u00eame mois. C\u2019est une fa\u00e7on de pouvoir se reposer tout en pensant \u00e0 la suite de la comp\u00e9tition nationale qui sera on ne peut plus difficile. Elle le sera non seulement sur le plan technique mais surtout financier. Tout le monde sait que les caisses de la grande majorit\u00e9 de nos clubs sont vides. Et l\u00e0 personne ne peut nous contredire du fait que tout le monde cherche avec une fr\u00e9n\u00e9sie in\u00e9gal\u00e9e l\u2019aide financi\u00e8re des pouvoirs publics. L\u00e0, nos clubs ne peuvent pas se r\u00e9jouir. Comme le mercato qui d\u00e9butera juste apr\u00e8s la fin du championnat national est consid\u00e9r\u00e9 comme la panac\u00e9e pour certains clubs, la CRL, la LFP et autre DBCG sont sur le qui-vive pour mettre au pilori les clubs qui ne sont pas \u00e0 jour sur le plan financier. Tout le monde n\u2019ignore pas que des clubs ne disposent pas d\u2019une comptabilit\u00e9 \u00e9quilibr\u00e9e, des clubs ne seront pas autoris\u00e9s \u00e0 se renforcer. Les clubs ayant plus d\u2019un milliard de dettes sont dans ce cas de figure.<\/p>\n<p>L\u00e0, cependant, les amateurs de football sont en train de constater que les clubs ne sont pas tous \u00e9gaux devant la loi. Car, on est intransigeant avec certains alors que d\u2019autres, en d\u00e9pit de leurs lourdes dettes, ne sont pas pour autant inqui\u00e9t\u00e9s.<\/p>\n<p>C\u2019est cette politique de deux poids deux mesures qui commence \u00e0 irriter les uns et les autres. L\u2019USMBel Abb\u00e8s, confront\u00e9e \u00e0 une situation financi\u00e8re aig\u00fce, est parmi les quelques clubs qui n\u2019auront pas la possibilit\u00e9 de se renforcer au niveau de certains postes. Une telle mesure prise \u00e0 leur encontre va rendre leurs chances encore moindres du fait qu\u2019ils n\u2019auront pas les \u00abcoud\u00e9es franches\u00bb. La plupart des clubs qui n\u2019ont pas r\u00e9ussi leur phase aller ont un besoin pressant de renfort afin de faire face \u00e0 ce qui leur arrive.<\/p>\n<p>De plus, on vient d\u2019apprendre que d\u00e8s le 08 de ce mois, il y aura une vir\u00e9e de la DNCG aupr\u00e8s des clubs afin d\u2019\u00e9valuer leur \u00e9tat sur le plan financier. C\u2019est le meilleur moyen de faire appliquer une politique qui soit commune pour tous. De plus, c\u2019est une fa\u00e7on appropri\u00e9e de ne l\u00e9ser personne.<\/p>\n<p>On s\u2019attend \u00e0 ce que certains clubs soient sanctionn\u00e9s. Attendons pour voir !<\/p>\n<p><strong>Hamid Gharbi<\/strong><\/p>\n<p>Auteur: elmoudjahid<br \/>\n<a href=\"http:\/\/www.elmoudjahid.com\/fr\/actualites\/145420\">Cliquez ici pour lire l&rsquo;article depuis sa source.<\/a><\/p>\n","protected":false},"excerpt":{"rendered":"<p>Le football national au niveau de ses deux divisions est sur le point de boucler la phase aller apr\u00e8s des rencontres tr\u00e8s disput\u00e9es. En effet, la phase aller du championnat de la Ligue 1 s\u2019ach\u00e8vera le 18 d\u00e9cembre, alors que celui de la Ligue 2 a \u00e9t\u00e9 arr\u00eat\u00e9 pour le 14 du m\u00eame mois. C\u2019est [&hellip;]<\/p>\n","protected":false},"author":1744,"featured_media":0,"comment_status":"closed","ping_status":"closed","sticky":false,"template":"","format":"standard","meta":{"fifu_image_url":"","fifu_image_alt":"","footnotes":""},"categories":[73,53],"tags":[],"class_list":["post-69565","post","type-post","status-publish","format-standard","hentry","category-actualite","category-algerie"],"_links":{"self":[{"href":"https:\/\/linitiative.ca\/International\/wp-json\/wp\/v2\/posts\/69565","targetHints":{"allow":["GET"]}}],"collection":[{"href":"https:\/\/linitiative.ca\/International\/wp-json\/wp\/v2\/posts"}],"about":[{"href":"https:\/\/linitiative.ca\/International\/wp-json\/wp\/v2\/types\/post"}],"author":[{"embeddable":true,"href":"https:\/\/linitiative.ca\/International\/wp-json\/wp\/v2\/users\/1744"}],"replies":[{"embeddable":true,"href":"https:\/\/linitiative.ca\/International\/wp-json\/wp\/v2\/comments?post=69565"}],"version-history":[{"count":0,"href":"https:\/\/linitiative.ca\/International\/wp-json\/wp\/v2\/posts\/69565\/revisions"}],"wp:attachment":[{"href":"https:\/\/linitiative.ca\/International\/wp-json\/wp\/v2\/media?parent=69565"}],"wp:term":[{"taxonomy":"category","embeddable":true,"href":"https:\/\/linitiative.ca\/International\/wp-json\/wp\/v2\/categories?post=69565"},{"taxonomy":"post_tag","embeddable":true,"href":"https:\/\/linitiative.ca\/International\/wp-json\/wp\/v2\/tags?post=69565"}],"curies":[{"name":"wp","href":"https:\/\/api.w.org\/{rel}","templated":true}]}}