{"id":69566,"date":"2019-12-06T18:00:00","date_gmt":"2019-12-06T23:00:00","guid":{"rendered":"https:\/\/linitiative.ca\/International\/presidentielle-du-12-decembre-debat-televise-entre-les-candidats\/"},"modified":"2019-12-06T18:00:00","modified_gmt":"2019-12-06T23:00:00","slug":"presidentielle-du-12-decembre-debat-televise-entre-les-candidats","status":"publish","type":"post","link":"https:\/\/linitiative.ca\/International\/presidentielle-du-12-decembre-debat-televise-entre-les-candidats\/","title":{"rendered":"Pr\u00e9sidentielle du 12 d\u00e9cembre : D\u00e9bat t\u00e9l\u00e9vis\u00e9 entre les candidats"},"content":{"rendered":"<p>Lors du d\u00e9bat anim\u00e9 hier par les candidats, les th\u00e8mes abord\u00e9s avaient trait aux dossiers politique, de la sant\u00e9, de l\u2019\u00e9ducation et des relations ext\u00e9rieures.<\/p>\n<p>Abdelaziz Bela\u00efd, du front El-Moustakbal, propose un dialogue avec la participation d\u2019experts et de la classe politique pour parvenir \u00e0 un r\u00e9f\u00e9rendum sur la Constitution.<\/p>\n<p>\u00a0Selon lui, de grandes franges de la population \u00e9vitent de s\u2019inscrire dans la vie politique et qu\u2019il faut militer pour la restauration de la confiance entre gouvernants et gouvern\u00e9s, et propose une refonte de la loi sur les partis et sur les \u00e9lections.\u00a0<\/p>\n<p>Abdelmadjid Tebboune, candidat ind\u00e9pendant, a indiqu\u00e9 que la Constitution est le premier jalon du changement, et qu\u2019elle devra faire l\u2019objet d\u2019\u00e9tude prospective pour r\u00e9aliser la s\u00e9paration des pouvoirs.<\/p>\n<p>Tebboune insiste sur l\u2019importance de la loi \u00e9lectorale qui doit \u00e9loigner le pouvoir de l\u2019argent de la politique.\u00a0<\/p>\n<p>Ali Benflis, de Talai\u2019e El-Hourriyet, consid\u00e8re que la r\u00e9ponse aux aspirations du peuple n\u00e9cessite une Constitution pour \u00e9tablir un r\u00e9gime semi-pr\u00e9sidentiel et une r\u00e9partition des comp\u00e9tences du pouvoir ex\u00e9cutif entre le Parlement et le Premier ministre.\u00a0<\/p>\n<p>Benflis estime que quelques \u00e9l\u00e9ments, comme la personnalisation du pouvoir, ont perverti la vie politique, ce qui a permis \u00e0 l\u2019argent de faire son entr\u00e9e dans la vie politique.<\/p>\n<p>Il ajoute que de multiples composantes de la soci\u00e9t\u00e9, y compris les forces politiques, doivent \u00eatre organis\u00e9es de mani\u00e8re rationnelle \u00e0 travers les lois sur les partis et sur les \u00e9lections. Le financement des partis est aussi une question importante pour le candidat qui appelle \u00e0 une s\u00e9paration entre l\u2019action politique et l\u2019argent, ce qui passe aussi par un \u00c9tat des institutions.<\/p>\n<p>Azzedine Mihoubi, du RND, a indiqu\u00e9 qu\u2019il s\u2019est engag\u00e9 devant le peuple pour mener une action commune et \u00e0 adopter une Constitution qui puisse \u00e9pargner au pays des crises politiques, comme il faut passer \u00e0 une R\u00e9publique des institutions, avec une place particuli\u00e8re pour le pouvoir judiciaire afin d\u2019\u00eatre pr\u00e9munis contre toute ing\u00e9rence. Il pr\u00f4ne l\u2019\u00e9quilibre des institutions, pour \u00e9viter les carences dans la Constitution actuelle.\u00a0\u00a0<\/p>\n<p>Abdelkader Bengrina, du mouvement El-Bina, a rappel\u00e9 qu\u2019il n\u2019a jamais \u00e9t\u00e9 en faveur des pr\u00e9c\u00e9dentes r\u00e9visions constitutionnelles, et veut faire de la Loi fondamentale une opportunit\u00e9 pour approfondir les libert\u00e9s publiques et priv\u00e9es, et ce apr\u00e8s un large d\u00e9bat entre toutes les composantes de la nation, pour aboutir \u00e0 un r\u00e9gime semi-pr\u00e9sidentiel qui d\u00e9finit clairement les missions du pr\u00e9sident de la R\u00e9publique et du Premier ministre. Le gouvernement doit \u00eatre un reflet de la composante du Parlement, comme il y a lieu d\u2019instaurer un \u00e9quilibre des institutions, pr\u00e9cise-t-il.<\/p>\n<p>Bengrina r\u00e9pond aussi \u00e0 la question sur le renouveau de la vie politique, et estime que les citoyens ont le droit de sortir dans la rue pour exprimer diverses opinions, en ajoutant que les partis ne repr\u00e9sentent pas le peuple, du fait de leur implication dans la fraude \u00e9lectorale sans respect de la volont\u00e9 des \u00e9lecteurs. L\u2019Alg\u00e9rie nouvelle issue du hirak du 22 f\u00e9vrier impose de prendre en compte plus s\u00e9rieusement l\u2019opinion de l\u2019opposition, recommande-t-il.\u00a0<\/p>\n<p>La premi\u00e8re heure du d\u00e9bat a \u00e9t\u00e9 enti\u00e8rement consacr\u00e9e au dossier politique et \u00e0 l\u2019organisation de l\u2019\u00e9lection. \u00c0 l\u2019heure o\u00f9 nous mettons sous presse, le d\u00e9bat se poursuivait. Nous y reviendrons dans notre prochaine \u00e9dition.\u00a0<\/p>\n<p><strong>Ahmed Mesbah<\/strong><\/p>\n<p>Auteur: elmoudjahid<br \/>\n<a href=\"http:\/\/www.elmoudjahid.com\/fr\/actualites\/145421\">Cliquez ici pour lire l&rsquo;article depuis sa source.<\/a><\/p>\n","protected":false},"excerpt":{"rendered":"<p>Lors du d\u00e9bat anim\u00e9 hier par les candidats, les th\u00e8mes abord\u00e9s avaient trait aux dossiers politique, de la sant\u00e9, de l\u2019\u00e9ducation et des relations ext\u00e9rieures. Abdelaziz Bela\u00efd, du front El-Moustakbal, propose un dialogue avec la participation d\u2019experts et de la classe politique pour parvenir \u00e0 un r\u00e9f\u00e9rendum sur la Constitution. \u00a0Selon lui, de grandes franges [&hellip;]<\/p>\n","protected":false},"author":1744,"featured_media":0,"comment_status":"closed","ping_status":"closed","sticky":false,"template":"","format":"standard","meta":{"fifu_image_url":"","fifu_image_alt":"","footnotes":""},"categories":[73,53],"tags":[],"class_list":["post-69566","post","type-post","status-publish","format-standard","hentry","category-actualite","category-algerie"],"_links":{"self":[{"href":"https:\/\/linitiative.ca\/International\/wp-json\/wp\/v2\/posts\/69566","targetHints":{"allow":["GET"]}}],"collection":[{"href":"https:\/\/linitiative.ca\/International\/wp-json\/wp\/v2\/posts"}],"about":[{"href":"https:\/\/linitiative.ca\/International\/wp-json\/wp\/v2\/types\/post"}],"author":[{"embeddable":true,"href":"https:\/\/linitiative.ca\/International\/wp-json\/wp\/v2\/users\/1744"}],"replies":[{"embeddable":true,"href":"https:\/\/linitiative.ca\/International\/wp-json\/wp\/v2\/comments?post=69566"}],"version-history":[{"count":0,"href":"https:\/\/linitiative.ca\/International\/wp-json\/wp\/v2\/posts\/69566\/revisions"}],"wp:attachment":[{"href":"https:\/\/linitiative.ca\/International\/wp-json\/wp\/v2\/media?parent=69566"}],"wp:term":[{"taxonomy":"category","embeddable":true,"href":"https:\/\/linitiative.ca\/International\/wp-json\/wp\/v2\/categories?post=69566"},{"taxonomy":"post_tag","embeddable":true,"href":"https:\/\/linitiative.ca\/International\/wp-json\/wp\/v2\/tags?post=69566"}],"curies":[{"name":"wp","href":"https:\/\/api.w.org\/{rel}","templated":true}]}}