{"id":69568,"date":"2019-12-07T07:42:10","date_gmt":"2019-12-07T12:42:10","guid":{"rendered":"https:\/\/linitiative.ca\/International\/98593-coupe-de-la-caf-gr-d-paradou-ac-hassania-agadir-les-academiciens-visent-la-tete-du-groupe\/"},"modified":"2019-12-07T07:42:10","modified_gmt":"2019-12-07T12:42:10","slug":"98593-coupe-de-la-caf-gr-d-paradou-ac-hassania-agadir-les-academiciens-visent-la-tete-du-groupe","status":"publish","type":"post","link":"https:\/\/linitiative.ca\/International\/98593-coupe-de-la-caf-gr-d-paradou-ac-hassania-agadir-les-academiciens-visent-la-tete-du-groupe\/","title":{"rendered":"Coupe de la CAF (Gr.D)\/Paradou AC-Hassania Agadir: les \u00ab\u00a0Acad\u00e9miciens\u00a0\u00bb visent la t\u00eate du groupe"},"content":{"rendered":"<div readability=\"38\">\n<p><strong>ALGER &#8211; Le Paradou AC, seul repr\u00e9sentant alg\u00e9rien en phase de poules de la Coupe de la Conf\u00e9d\u00e9ration africaine de football, accueillera dimanche la formation marocaine de Hassania Agadir au stade Mustapha-Tchaker de Blida (20h00) avec l&rsquo;intention de se hisser en t\u00eate du classement, \u00e0 l&rsquo;occasion de la 2e journ\u00e9e (Gr. D).<\/strong><\/p>\n<\/div>\n<div readability=\"81.5617977528\">\n<p>Ayant r\u00e9ussi ses d\u00e9buts dans cette phase de poules en d\u00e9crochant un point pr\u00e9cieux \u00e0 Abidjan face aux Ivoiriens de San Pedro (0-0), le PAC sera face \u00e0 un s\u00e9rieux client qui a \u00e9galement d\u00e9marr\u00e9 du bon pied en battant \u00e0 la maison le club nig\u00e9rian d&rsquo;Enyimba (2-0).<\/p>\n<p>Dirig\u00e9 d\u00e9sormais sur le banc par l&rsquo;exp\u00e9riment\u00e9 technicien marocain M&rsquo;hamed Fakhir, le club d&rsquo;Agadir, 14e au classement du championnat marocain (5 points), se d\u00e9placera \u00e0 Blida avec l&rsquo;objectif d&rsquo;\u00e9viter la d\u00e9faite et conforter du coup sa position de leader.<\/p>\n<p>Mais le PAC, lanterne rouge de la Ligue 1, aura \u00e0 coeur de rester sur sa bonne dynamique en Coupe de la Conf\u00e9d\u00e9ration, lui qui n&rsquo;a conc\u00e9d\u00e9 qu&rsquo;une seule d\u00e9faite pour sa premi\u00e8re participation \u00e0 cette \u00e9preuve continentale (1-0 en d\u00e9placement face aux Guin\u00e9ens du CI Kamsar au tour pr\u00e9liminaire, ndlr).<\/p>\n<hr\/>\n<h3>Lire aussi:\u00a0<a href=\"http:\/\/www.aps.dz\/sport\/98240-coupe-de-la-confederation-san-pedro-fc-paradou-ac-les-algerois-en-peril-a-abidjan\" target=\"_blank\" rel=\"noopener noreferrer\">Coupe de la Conf\u00e9d\u00e9ration\/ San Pedro FC &#8211; Paradou AC: les Alg\u00e9rois en p\u00e9ril \u00e0 Abidjan<\/a><\/h3>\n<hr\/>\n<p>\u00ab\u00a0En d\u00e9pit des conditions extr\u00eames dans lesquelles nous avons \u00e9volu\u00e9 en C\u00f4te d&rsquo;Ivoire, les joueurs sont \u00e0 f\u00e9liciter pour avoir d\u00e9croch\u00e9 un point qui vaut son pesant d&rsquo;or. Maintenant, nous devons bonifier ce r\u00e9sultat en visant la victoire face \u00e0 Agadir, laquelle nous permettrait de nous hisser en t\u00eate du classement. C&rsquo;est une belle occasion \u00e0 ne pas rater\u00a0\u00bb, a indiqu\u00e9 le pr\u00e9sident du PAC, Hac\u00e8ne Zetchi.<\/p>\n<p>Sur le plan de l&rsquo;effectif, l&rsquo;entra\u00eeneur portugais des \u00ab\u00a0Acad\u00e9miciens\u00a0\u00bb, Francisco Alexandre Chalo, devra se passer des services de certains \u00e9l\u00e9ments \u00e0 l&rsquo;image de Ryad Benayad et Hamza Mouali, bless\u00e9s. En revanche, il pourra compter sur la forme optimale affich\u00e9e par le gardien de but Taoufik Moussaoui, auteur du 4e plus beau sauvetage lors de la premi\u00e8re journ\u00e9e.<\/p>\n<p>Dans l&rsquo;autre match de ce groupe D, les Nig\u00e9rians d&rsquo;Enyimba, revers\u00e9s en Coupe de la Conf\u00e9d\u00e9ration apr\u00e8s leur \u00e9limination en 16es de finale de la Ligue des champions, devront imp\u00e9rativement l&#8217;emporter dimanche \u00e0 Aba face \u00e0 San Pedro (14h00) pour pouvoir se relancer dans la course \u00e0 la qualification en quarts.<\/p>\n<p>Rappelons que le CR Belouizdad, l&rsquo;autre repr\u00e9sentant alg\u00e9rien dans cette \u00e9preuve, avait \u00e9t\u00e9 \u00e9limin\u00e9 en 16es de finale par les Egyptiens de Pyramids FC.<\/p>\n<\/div>\n<p>Auteur:<br \/>\n<a href=\"http:\/\/www.aps.dz\/sport\/98593-coupe-de-la-caf-gr-d-paradou-ac-hassania-agadir-les-academiciens-visent-la-tete-du-groupe?utm_source=feedburner&#038;utm_medium=feed&#038;utm_campaign=Feed%3A+aps-sport+%28APS+-+SPORT%29\">Cliquez ici pour lire l&rsquo;article depuis sa source.<\/a><\/p>\n","protected":false},"excerpt":{"rendered":"<p>ALGER &#8211; Le Paradou AC, seul repr\u00e9sentant alg\u00e9rien en phase de poules de la Coupe de la Conf\u00e9d\u00e9ration africaine de football, accueillera dimanche la formation marocaine de Hassania Agadir au stade Mustapha-Tchaker de Blida (20h00) avec l&rsquo;intention de se hisser en t\u00eate du classement, \u00e0 l&rsquo;occasion de la 2e journ\u00e9e (Gr. D). Ayant r\u00e9ussi ses [&hellip;]<\/p>\n","protected":false},"author":1790,"featured_media":0,"comment_status":"closed","ping_status":"closed","sticky":false,"template":"","format":"standard","meta":{"fifu_image_url":"","fifu_image_alt":"","footnotes":""},"categories":[53,75],"tags":[],"class_list":["post-69568","post","type-post","status-publish","format-standard","hentry","category-algerie","category-sport"],"_links":{"self":[{"href":"https:\/\/linitiative.ca\/International\/wp-json\/wp\/v2\/posts\/69568","targetHints":{"allow":["GET"]}}],"collection":[{"href":"https:\/\/linitiative.ca\/International\/wp-json\/wp\/v2\/posts"}],"about":[{"href":"https:\/\/linitiative.ca\/International\/wp-json\/wp\/v2\/types\/post"}],"author":[{"embeddable":true,"href":"https:\/\/linitiative.ca\/International\/wp-json\/wp\/v2\/users\/1790"}],"replies":[{"embeddable":true,"href":"https:\/\/linitiative.ca\/International\/wp-json\/wp\/v2\/comments?post=69568"}],"version-history":[{"count":0,"href":"https:\/\/linitiative.ca\/International\/wp-json\/wp\/v2\/posts\/69568\/revisions"}],"wp:attachment":[{"href":"https:\/\/linitiative.ca\/International\/wp-json\/wp\/v2\/media?parent=69568"}],"wp:term":[{"taxonomy":"category","embeddable":true,"href":"https:\/\/linitiative.ca\/International\/wp-json\/wp\/v2\/categories?post=69568"},{"taxonomy":"post_tag","embeddable":true,"href":"https:\/\/linitiative.ca\/International\/wp-json\/wp\/v2\/tags?post=69568"}],"curies":[{"name":"wp","href":"https:\/\/api.w.org\/{rel}","templated":true}]}}