{"id":69571,"date":"2019-12-07T10:46:00","date_gmt":"2019-12-07T15:46:00","guid":{"rendered":"https:\/\/linitiative.ca\/International\/tribunal-de-cite-djamel-18-mois-de-prison-requis-contre-le-caricaturiste-amine\/"},"modified":"2019-12-07T10:46:00","modified_gmt":"2019-12-07T15:46:00","slug":"tribunal-de-cite-djamel-18-mois-de-prison-requis-contre-le-caricaturiste-amine","status":"publish","type":"post","link":"https:\/\/linitiative.ca\/International\/tribunal-de-cite-djamel-18-mois-de-prison-requis-contre-le-caricaturiste-amine\/","title":{"rendered":"TRIBUNAL DE CITE DJAMEL : 18 mois de prison requis contre le caricaturiste \u00ab\u00a0Amine \u00ab\u00a0"},"content":{"rendered":"<p><br id=\"sep_para_1\" class=\"sep_para access\"\/><\/p>\n<div id=\"para_1\" class=\"para_34399410 resize\">\n<div class=\"texte access firstletter\">Le tribunal de la cit\u00e9 Djamel\u00a0 d&rsquo;Oran a statu\u00e9 jeudi sur l&rsquo;affaire de l&rsquo;artiste-peintre et b\u00e9d\u00e9iste, Abdelhamid Amine, connu sur la sc\u00e8ne artistique sous le nom de \u201cNime\u201d.\u00a0 Ce dernier a comparu\u00a0 en audience pour les griefs qui lui ont \u00e9t\u00e9 reproch\u00e9s notamment\u00a0 des dessins jug\u00e9s attentatoires \u00e0 la personne de l&rsquo;ex-pr\u00e9sident de la R\u00e9publique, Abdelaziz Bouteflika. Le caricaturiste\u00a0 est en d\u00e9tention pr\u00e9ventive depuis le 26 novembre dernier.\u00a0 Il fut\u00a0 arr\u00eat\u00e9 au si\u00e8ge de son agence de publicit\u00e9 \u00abCr\u00e9ature\u00bb, o\u00f9 tout son mat\u00e9riel informatique a \u00e9t\u00e9 saisi. Comparu\u00a0 en citation direct, son arrestation a trait aux derni\u00e8res \u0153uvres de Amine dont la plus embl\u00e9matique est \u00abL\u2019\u00c9lu\u00bb, ou il avait illustr\u00e9 les cinq candidats \u00e0 la pr\u00e9sidentielle avec le chef d\u2019\u00e9tat-major Ahmed Gaid Salah sous le regard du pr\u00e9sident d\u00e9chu, Bouteflika en forme de Momie et o\u00f9 est repr\u00e9sent\u00e9 Tebboune comme l\u2019\u00e9lu successeur \u00e0 Bensalah \u00bb, sachant que cet artiste a r\u00e9alis\u00e9 plusieurs caricatures sur le scrutin de d\u00e9cembre. Ce jeudi \u00e0 l\u2019audience du tribunal o\u00f9 \u00ab Amine \u00bb a comparu, devant une grande foule de soutien compos\u00e9e essentiellement de\u00a0 jeunes qui dans leur majorit\u00e9 n\u2019arrivent pas \u00e0 comprendre le pourquoi de cette arrestation. Apr\u00e8s que le pr\u00e9venu ait \u00e9t\u00e9 entendu, le procureur se contentera d\u2019un r\u00e9quisitoire bref, 18 mois de prison ferme. La\u00a0 d\u00e9fense plaidera quant \u00e0 elle,\u00ab la non culpabilit\u00e9 \u00bb de son mandant expliquant qu\u2019aucun grief tangible n\u2019a \u00e9t\u00e9 arr\u00eat\u00e9 contre son mandant.\u00ab On lui reproche des dessins attentatoires au Pr\u00e9sident, votre honneur, on n\u2019a pas de Pr\u00e9sident \u00e0 la t\u00eate de l\u2019Alg\u00e9rie mart\u00e8lera cette d\u00e9fense dans ses plaidoiries \u00bb. L\u2019affaire a \u00e9t\u00e9 mise en d\u00e9lib\u00e9ration pour le 11 de ce mois de d\u00e9cembre.\u00a0\u00a0\u00a0\u00a0\u00a0\u00a0\u00a0\u00a0\u00a0\u00a0\u00a0\u00a0\u00a0<\/div>\n<\/div>\n<p>Auteur: Medjadji H.<br \/>\n<a href=\"https:\/\/www.reflexiondz.net\/TRIBUNAL-DE-CITE-DJAMEL-18-mois-de-prison-requis-contre-le-caricaturiste-Amine_a59247.html\">Cliquez ici pour lire l&rsquo;article depuis sa source.<\/a><\/p>\n","protected":false},"excerpt":{"rendered":"<p>Le tribunal de la cit\u00e9 Djamel\u00a0 d&rsquo;Oran a statu\u00e9 jeudi sur l&rsquo;affaire de l&rsquo;artiste-peintre et b\u00e9d\u00e9iste, Abdelhamid Amine, connu sur la sc\u00e8ne artistique sous le nom de \u201cNime\u201d.\u00a0 Ce dernier a comparu\u00a0 en audience pour les griefs qui lui ont \u00e9t\u00e9 reproch\u00e9s notamment\u00a0 des dessins jug\u00e9s attentatoires \u00e0 la personne de l&rsquo;ex-pr\u00e9sident de la R\u00e9publique, [&hellip;]<\/p>\n","protected":false},"author":1740,"featured_media":0,"comment_status":"closed","ping_status":"closed","sticky":false,"template":"","format":"standard","meta":{"fifu_image_url":"","fifu_image_alt":"","footnotes":""},"categories":[53,76],"tags":[],"class_list":["post-69571","post","type-post","status-publish","format-standard","hentry","category-algerie","category-regions"],"_links":{"self":[{"href":"https:\/\/linitiative.ca\/International\/wp-json\/wp\/v2\/posts\/69571","targetHints":{"allow":["GET"]}}],"collection":[{"href":"https:\/\/linitiative.ca\/International\/wp-json\/wp\/v2\/posts"}],"about":[{"href":"https:\/\/linitiative.ca\/International\/wp-json\/wp\/v2\/types\/post"}],"author":[{"embeddable":true,"href":"https:\/\/linitiative.ca\/International\/wp-json\/wp\/v2\/users\/1740"}],"replies":[{"embeddable":true,"href":"https:\/\/linitiative.ca\/International\/wp-json\/wp\/v2\/comments?post=69571"}],"version-history":[{"count":0,"href":"https:\/\/linitiative.ca\/International\/wp-json\/wp\/v2\/posts\/69571\/revisions"}],"wp:attachment":[{"href":"https:\/\/linitiative.ca\/International\/wp-json\/wp\/v2\/media?parent=69571"}],"wp:term":[{"taxonomy":"category","embeddable":true,"href":"https:\/\/linitiative.ca\/International\/wp-json\/wp\/v2\/categories?post=69571"},{"taxonomy":"post_tag","embeddable":true,"href":"https:\/\/linitiative.ca\/International\/wp-json\/wp\/v2\/tags?post=69571"}],"curies":[{"name":"wp","href":"https:\/\/api.w.org\/{rel}","templated":true}]}}