{"id":69573,"date":"2019-12-07T10:46:00","date_gmt":"2019-12-07T15:46:00","guid":{"rendered":"https:\/\/linitiative.ca\/International\/bechar-la-casnos-ratisse-large\/"},"modified":"2019-12-07T10:46:00","modified_gmt":"2019-12-07T15:46:00","slug":"bechar-la-casnos-ratisse-large","status":"publish","type":"post","link":"https:\/\/linitiative.ca\/International\/bechar-la-casnos-ratisse-large\/","title":{"rendered":"BECHAR : La CASNOS  ratisse large"},"content":{"rendered":"<p><br id=\"sep_para_1\" class=\"sep_para access\"\/><\/p>\n<div id=\"para_1\" class=\"para_34399400 resize\">\n<div class=\"texte access firstletter\">La Caisse nationale de s\u00e9curit\u00e9 sociale des non-salari\u00e9s, CASNOS, de B\u00e9char a organis\u00e9 des journ\u00e9es portes-ouvertes du 1er au 31 d\u00e9cembre, et a annonc\u00e9 que ses guichets seront ouvert m\u00eame les jours de samedi durant toute cette p\u00e9riode pour permettre \u00e0 ses affili\u00e9s de r\u00e9gulariser leur situation avant la fin de l\u2019ann\u00e9e en cours. Dans le but d&rsquo;expliciter cette mesure d&rsquo;exception et de sensibiliser les personnes exer\u00e7ant une activit\u00e9 non salari\u00e9e pour les faire adh\u00e9rer \u00e0 la caisse et b\u00e9n\u00e9ficier de la couverture sociale eux et leurs ayants droit, la CASNOS de B\u00e9char d\u00e9placera son guichet itin\u00e9rant vers les ksour du nord \u00e0 vocation agro-pastorale, c&rsquo;est-\u00e0-dire Bouka\u00efs, Mougheul et Lahmar, dimanche 8 d\u00e9cembre. Prendront part \u00e0 ce guichet itin\u00e9rant, le m\u00e9decin-conseil, l\u2019assistante sociale, des agents du service de recouvrement pour recueillir les dol\u00e9ances des affili\u00e9s et expliquer les diff\u00e9rents avantages qu\u2019offre la caisse aux personnes qui ne le sont pas encore. La directrice de la CASNOS de B\u00e9char, Mme Chiahi Asma, dira \u00e0 la presse que conform\u00e9ment aux directives du Directeur G\u00e9n\u00e9ral, nous nous rapprochons de tous les non-salari\u00e9s qui exercent une fonction lib\u00e9rale, du commerce, de l\u2019agriculture, de l\u2019\u00e9levage ou de l\u2019artisanat\u00a0 afin de mieux faire conna\u00eetre notre organisme et montrer tous les avantages qu\u2019il offre \u00e0 ses adh\u00e9rents.\u00a0 Notons au passage, que le 4 d\u00e9cembre dernier une d\u00e9l\u00e9gation minist\u00e9rielle a rendu visite au si\u00e8ge de la CASNOS de B\u00e9char. Le lendemain, la directrice et l\u2019assistante sociale de la CASNOS de B\u00e9char ont accompagn\u00e9 cette d\u00e9l\u00e9gation lors de la visite d&rsquo;inspection et de travail qu\u2019elle a effectu\u00e9e dans la wilaya de B\u00e9ni Abb\u00e8s, 220 km au sud de B\u00e9char.\u00a0\u00a0\u00a0\u00a0\u00a0\u00a0\u00a0\u00a0\u00a0\u00a0\u00a0\u00a0<\/div>\n<\/div>\n<p>Auteur: Ahmed Messaoud<br \/>\n<a href=\"https:\/\/www.reflexiondz.net\/BECHAR-La-CASNOS-ratisse-large_a59244.html\">Cliquez ici pour lire l&rsquo;article depuis sa source.<\/a><\/p>\n","protected":false},"excerpt":{"rendered":"<p>La Caisse nationale de s\u00e9curit\u00e9 sociale des non-salari\u00e9s, CASNOS, de B\u00e9char a organis\u00e9 des journ\u00e9es portes-ouvertes du 1er au 31 d\u00e9cembre, et a annonc\u00e9 que ses guichets seront ouvert m\u00eame les jours de samedi durant toute cette p\u00e9riode pour permettre \u00e0 ses affili\u00e9s de r\u00e9gulariser leur situation avant la fin de l\u2019ann\u00e9e en cours. Dans [&hellip;]<\/p>\n","protected":false},"author":1740,"featured_media":0,"comment_status":"closed","ping_status":"closed","sticky":false,"template":"","format":"standard","meta":{"fifu_image_url":"","fifu_image_alt":"","footnotes":""},"categories":[53,76],"tags":[],"class_list":["post-69573","post","type-post","status-publish","format-standard","hentry","category-algerie","category-regions"],"_links":{"self":[{"href":"https:\/\/linitiative.ca\/International\/wp-json\/wp\/v2\/posts\/69573","targetHints":{"allow":["GET"]}}],"collection":[{"href":"https:\/\/linitiative.ca\/International\/wp-json\/wp\/v2\/posts"}],"about":[{"href":"https:\/\/linitiative.ca\/International\/wp-json\/wp\/v2\/types\/post"}],"author":[{"embeddable":true,"href":"https:\/\/linitiative.ca\/International\/wp-json\/wp\/v2\/users\/1740"}],"replies":[{"embeddable":true,"href":"https:\/\/linitiative.ca\/International\/wp-json\/wp\/v2\/comments?post=69573"}],"version-history":[{"count":0,"href":"https:\/\/linitiative.ca\/International\/wp-json\/wp\/v2\/posts\/69573\/revisions"}],"wp:attachment":[{"href":"https:\/\/linitiative.ca\/International\/wp-json\/wp\/v2\/media?parent=69573"}],"wp:term":[{"taxonomy":"category","embeddable":true,"href":"https:\/\/linitiative.ca\/International\/wp-json\/wp\/v2\/categories?post=69573"},{"taxonomy":"post_tag","embeddable":true,"href":"https:\/\/linitiative.ca\/International\/wp-json\/wp\/v2\/tags?post=69573"}],"curies":[{"name":"wp","href":"https:\/\/api.w.org\/{rel}","templated":true}]}}