{"id":69574,"date":"2019-12-07T10:46:00","date_gmt":"2019-12-07T15:46:00","guid":{"rendered":"https:\/\/linitiative.ca\/International\/mascara-arrestation-de-deux-trafiquants-de-psychotropes\/"},"modified":"2019-12-07T10:46:00","modified_gmt":"2019-12-07T15:46:00","slug":"mascara-arrestation-de-deux-trafiquants-de-psychotropes","status":"publish","type":"post","link":"https:\/\/linitiative.ca\/International\/mascara-arrestation-de-deux-trafiquants-de-psychotropes\/","title":{"rendered":"MASCARA : Arrestation de deux trafiquants de psychotropes"},"content":{"rendered":"<p><br id=\"sep_para_1\" class=\"sep_para access\"\/><\/p>\n<div id=\"para_1\" class=\"para_34399399 resize\">\n<div class=\"texte access firstletter\">Dans le cadre de la lutte contre le trafic illicite de stup\u00e9fiants et de substances de psychotropes, les \u00e9l\u00e9ments de la brigade de police judiciaire relevant de la quatri\u00e8me s\u00fbret\u00e9 urbaine de Mascara ont r\u00e9ussi \u00e0 arr\u00eater un trafiquant de stup\u00e9fiants, \u00e2g\u00e9 de 29 ans, avec la saisie de 09 comprim\u00e9s hallucinog\u00e8nes. L\u2019op\u00e9ration a eu lieu lors \u2018une patrouille de s\u00e9curit\u00e9 effectu\u00e9e au niveau d\u2019une rue du p\u00e9rim\u00e8tre de comp\u00e9tence. L\u2019attention des policiers a \u00e9t\u00e9 attir\u00e9e par le suspect qui a \u00e9t\u00e9 arr\u00eat\u00e9 en flagrant d\u00e9lit en possession de 09 comprim\u00e9s de type \u2018\u2019Pregabaline\u2019\u2019 et d\u2019une somme d\u2019argent. Un autre suspect \u00e2g\u00e9 de 31 ans, a \u00e9t\u00e9 arr\u00eat\u00e9 avec la saisie de 07 comprim\u00e9s de type \u2018\u2019Pregabaline\u2019\u2019 et d\u2019une somme d\u2019argent. Apr\u00e8s accomplissement des proc\u00e9dures d\u2019enqu\u00eate, des proc\u00e9dures judiciaires ont \u00e9t\u00e9 instruites \u00e0 leur encontre, en vertu desquelles ils ont \u00e9t\u00e9 pr\u00e9sent\u00e9s par devant la justice qui les a \u00e9crou\u00e9s en attendant qu\u2019ils soient jug\u00e9s.<\/div>\n<\/div>\n<p>Auteur: B.Boufaden<br \/>\n<a href=\"https:\/\/www.reflexiondz.net\/MASCARA-Arrestation-de-deux-trafiquants-de-psychotropes_a59243.html\">Cliquez ici pour lire l&rsquo;article depuis sa source.<\/a><\/p>\n","protected":false},"excerpt":{"rendered":"<p>Dans le cadre de la lutte contre le trafic illicite de stup\u00e9fiants et de substances de psychotropes, les \u00e9l\u00e9ments de la brigade de police judiciaire relevant de la quatri\u00e8me s\u00fbret\u00e9 urbaine de Mascara ont r\u00e9ussi \u00e0 arr\u00eater un trafiquant de stup\u00e9fiants, \u00e2g\u00e9 de 29 ans, avec la saisie de 09 comprim\u00e9s hallucinog\u00e8nes. L\u2019op\u00e9ration a eu [&hellip;]<\/p>\n","protected":false},"author":1740,"featured_media":0,"comment_status":"closed","ping_status":"closed","sticky":false,"template":"","format":"standard","meta":{"fifu_image_url":"","fifu_image_alt":"","footnotes":""},"categories":[53,76],"tags":[],"class_list":["post-69574","post","type-post","status-publish","format-standard","hentry","category-algerie","category-regions"],"_links":{"self":[{"href":"https:\/\/linitiative.ca\/International\/wp-json\/wp\/v2\/posts\/69574","targetHints":{"allow":["GET"]}}],"collection":[{"href":"https:\/\/linitiative.ca\/International\/wp-json\/wp\/v2\/posts"}],"about":[{"href":"https:\/\/linitiative.ca\/International\/wp-json\/wp\/v2\/types\/post"}],"author":[{"embeddable":true,"href":"https:\/\/linitiative.ca\/International\/wp-json\/wp\/v2\/users\/1740"}],"replies":[{"embeddable":true,"href":"https:\/\/linitiative.ca\/International\/wp-json\/wp\/v2\/comments?post=69574"}],"version-history":[{"count":0,"href":"https:\/\/linitiative.ca\/International\/wp-json\/wp\/v2\/posts\/69574\/revisions"}],"wp:attachment":[{"href":"https:\/\/linitiative.ca\/International\/wp-json\/wp\/v2\/media?parent=69574"}],"wp:term":[{"taxonomy":"category","embeddable":true,"href":"https:\/\/linitiative.ca\/International\/wp-json\/wp\/v2\/categories?post=69574"},{"taxonomy":"post_tag","embeddable":true,"href":"https:\/\/linitiative.ca\/International\/wp-json\/wp\/v2\/tags?post=69574"}],"curies":[{"name":"wp","href":"https:\/\/api.w.org\/{rel}","templated":true}]}}