{"id":69575,"date":"2019-12-07T12:00:00","date_gmt":"2019-12-07T17:00:00","guid":{"rendered":"https:\/\/linitiative.ca\/International\/les-19-milliards-de-said\/"},"modified":"2019-12-07T12:00:00","modified_gmt":"2019-12-07T17:00:00","slug":"les-19-milliards-de-said","status":"publish","type":"post","link":"https:\/\/linitiative.ca\/International\/les-19-milliards-de-said\/","title":{"rendered":"Les 19 milliards  de Sa\u00efd !"},"content":{"rendered":"<p><br id=\"sep_para_1\" class=\"sep_para access\"\/><\/p>\n<div id=\"para_1\" class=\"para_34400184 resize\">\n<div class=\"photo shadow left\"><a href=\"javascript:void(0)\" rel=\"https:\/\/www.reflexiondz.net\/photo\/art\/grande\/40537354-34400184.jpg?v=1575745172&#038;ibox\" title=\"Les 19 milliards de Sa\u00efd !\"><img decoding=\"async\" class=\"responsive c9\" src=\"https:\/\/www.reflexiondz.net\/photo\/art\/grande\/40537354-34400184.jpg?v=1575745172\" alt=\"Les 19 milliards de Sa\u00efd !\" title=\"Les 19 milliards de Sa\u00efd !\"\/><img decoding=\"async\" class=\"not-responsive\" src=\"https:\/\/www.reflexiondz.net\/photo\/art\/default\/40537354-34400184.jpg?v=1575745173\" alt=\"Les 19 milliards de Sa\u00efd !\" title=\"Les 19 milliards de Sa\u00efd !\"\/><\/a><\/div>\n<div class=\"texte access firstletter\">Longtemps, l\u2019Alg\u00e9rie a \u00e9t\u00e9 salie par les pr\u00e9dateurs hommes d\u2019affaires et corrompus dirigeants, qui ont plac\u00e9 le pouvoir dans les mains du fr\u00e8re cadet de Bouteflika et g\u00e9r\u00e9 le pays au nom d\u2019un \u2018\u2019cadre\u2019\u2019 avec un partage \u00e9quitable du g\u00e2teau de l\u2019Alg\u00e9rie !<br \/>Dans l\u2019ombre d\u2019une pr\u00e9sidentielle avort\u00e9e, le pouvoir corrompu dirig\u00e9 par des anciens premiers ministres \u00e0 la solde de la mafia politico-financi\u00e8re, tente encore une fois, le sc\u00e9nario de 2014 pour faire \u00e9lire sa momie, malgr\u00e9 le refus du peuple \u2018\u2019Fakkakir\u2019\u2019 de valider son envie de ressusciter ce pouvoir momifi\u00e9. Du coup, le vent du 22 f\u00e9vrier ne soufflait pas au gr\u00e9 du navire de la bande de Bouteflika, et elle fut oblig\u00e9e de quitter le navire du pouvoir pour finir dans le cachot d\u2019El Harrach.\u00a0 \u00a0<br \/>Comme il fallait s&rsquo;y attendre\u00a0 et on l\u2019a toujours \u00e9voqu\u00e9 ;\u00a0 la tentation de la r\u00e9\u00e9lection de Bouteflika n\u2019a jamais \u00e9t\u00e9 question d\u2019int\u00e9r\u00eat du pays, mais une pure et simple affaire de sale politique et d&rsquo;argent plus sale encore. Une pluie de milliards pour le financement du 5\u00e8me mandat.<br \/>39 milliards de centimes, venant d&rsquo;un g\u00e9n\u00e9reux donateur, patron des pneus crev\u00e9s et 180 milliards de centimes offerts par le patron des bus, voil\u00e0 les r\u00e9v\u00e9lations du proc\u00e8s qui montre l\u2019ampleur de la corruption dans l&rsquo;Alg\u00e9rie de Bouteflika.<br \/>Sur le banc des accus\u00e9s, Ouyahia, Sellal et des ex-ministres accus\u00e9s d\u2019accorder des avantages aux chefs d\u2019entreprises du montage automobile, aujourd\u2019hui, accus\u00e9s pour\u00a0 financement occulte de la campagne \u00e9lectorale du 5e mandat. Ces milliards renvoy\u00e9s par l\u2019ascenseur en est la preuve : de la fameuse politique de l\u2019ancien pouvoir corrompu \u2018\u2019 donnant \u2013donnant \u2018\u2019.\u00a0 \u00a0<br \/>Coup de th\u00e9\u00e2tre au m\u00e9ga-proc\u00e8s de corruption au tribunal de Sidi M\u2019hamed, dont personne ne s\u2019y attendait, le vrai pr\u00e9sident de la R\u00e9publique \u00e0 l\u2019ombre, Said Bouteflika, le fr\u00e8re du Pr\u00e9sident de la R\u00e9publique, Abdelaziz Bouteflika est convoqu\u00e9 \u00e0 la barre pour expliquer le financement de la campagne \u00e9lectorale de son fr\u00e8re.<br \/>Haddad parle et implique Sa\u00efd Bouteflika dans l\u2019affaire des 19,5 milliards de la campagne d\u00e9couverts au niveau du si\u00e8ge de son entreprise ETRHB : \u00ab C\u2019est Said Bouteflika qui m\u2019a ordonn\u00e9 de conserver l\u2019argent de la campagne estim\u00e9 \u00e0 19.5 Milliards centimes au niveau du si\u00e8ge de l\u2019ETRHB, Sa\u00efd craignait que le bureau de campagne de Hydra ne se fasse cambrioler \u00bb, a r\u00e9v\u00e9l\u00e9 l\u2019oligarque Haddad.<br \/>De surprise en surprise, il faut s\u2019attendre \u00e0 un deuxi\u00e8me coup de th\u00e9\u00e2tre au tribunal avec l\u2019entr\u00e9e en sc\u00e8ne du fr\u00e8re du ra\u00efs d\u00e9chu. Quelles seront les r\u00e9ponses de Sa\u00efd, et va-t-il r\u00e9v\u00e9ler d\u2019autres noms ? Wait and see !<\/div>\n<\/div>\n<p>Auteur: Belkacem .B<br \/>\n<a href=\"https:\/\/www.reflexiondz.net\/Les-19-milliards-de-Said-_a59263.html\">Cliquez ici pour lire l&rsquo;article depuis sa source.<\/a><\/p>\n","protected":false},"excerpt":{"rendered":"<p>Longtemps, l\u2019Alg\u00e9rie a \u00e9t\u00e9 salie par les pr\u00e9dateurs hommes d\u2019affaires et corrompus dirigeants, qui ont plac\u00e9 le pouvoir dans les mains du fr\u00e8re cadet de Bouteflika et g\u00e9r\u00e9 le pays au nom d\u2019un \u2018\u2019cadre\u2019\u2019 avec un partage \u00e9quitable du g\u00e2teau de l\u2019Alg\u00e9rie !Dans l\u2019ombre d\u2019une pr\u00e9sidentielle avort\u00e9e, le pouvoir corrompu dirig\u00e9 par des anciens premiers [&hellip;]<\/p>\n","protected":false},"author":1740,"featured_media":0,"comment_status":"closed","ping_status":"closed","sticky":false,"template":"","format":"standard","meta":{"fifu_image_url":"","fifu_image_alt":"","footnotes":""},"categories":[53,76],"tags":[],"class_list":["post-69575","post","type-post","status-publish","format-standard","hentry","category-algerie","category-regions"],"_links":{"self":[{"href":"https:\/\/linitiative.ca\/International\/wp-json\/wp\/v2\/posts\/69575","targetHints":{"allow":["GET"]}}],"collection":[{"href":"https:\/\/linitiative.ca\/International\/wp-json\/wp\/v2\/posts"}],"about":[{"href":"https:\/\/linitiative.ca\/International\/wp-json\/wp\/v2\/types\/post"}],"author":[{"embeddable":true,"href":"https:\/\/linitiative.ca\/International\/wp-json\/wp\/v2\/users\/1740"}],"replies":[{"embeddable":true,"href":"https:\/\/linitiative.ca\/International\/wp-json\/wp\/v2\/comments?post=69575"}],"version-history":[{"count":0,"href":"https:\/\/linitiative.ca\/International\/wp-json\/wp\/v2\/posts\/69575\/revisions"}],"wp:attachment":[{"href":"https:\/\/linitiative.ca\/International\/wp-json\/wp\/v2\/media?parent=69575"}],"wp:term":[{"taxonomy":"category","embeddable":true,"href":"https:\/\/linitiative.ca\/International\/wp-json\/wp\/v2\/categories?post=69575"},{"taxonomy":"post_tag","embeddable":true,"href":"https:\/\/linitiative.ca\/International\/wp-json\/wp\/v2\/tags?post=69575"}],"curies":[{"name":"wp","href":"https:\/\/api.w.org\/{rel}","templated":true}]}}