{"id":69580,"date":"2019-12-07T01:30:00","date_gmt":"2019-12-07T06:30:00","guid":{"rendered":"https:\/\/linitiative.ca\/International\/journees-de-lentreprise-youssef-chahed-un-plaidoyer-pro-domo\/"},"modified":"2019-12-07T01:30:00","modified_gmt":"2019-12-07T06:30:00","slug":"journees-de-lentreprise-youssef-chahed-un-plaidoyer-pro-domo","status":"publish","type":"post","link":"https:\/\/linitiative.ca\/International\/journees-de-lentreprise-youssef-chahed-un-plaidoyer-pro-domo\/","title":{"rendered":"Journ\u00e9es de l\u2019Entreprise &#8211; Youssef Chahed : un plaidoyer pro domo"},"content":{"rendered":"<p>Candidat malheureux \u00e0 la pr\u00e9sidentielle de septembre 2019,\u00a0 Youssef Chahed a esquiss\u00e9 sto\u00efquement le bilan de sa gestion depuis ao\u00fbt 2016 devant un parterre de chefs d\u2019entreprises tri\u00e9s sur le volet et r\u00e9unis, le 6 d\u00e9cembre \u00e0 Sousse-Kantaoui,\u00a0 pour la 34e conf\u00e9rence des Journ\u00e9es de l\u2019Entreprise organis\u00e9es par l\u2019IACE (Institut arabe des chefs d\u2019entreprise).<\/p>\n<p>Seizi\u00e8me \u00ab chef de gouvernement \u00bb du pays depuis mars 1956, il est celui qui aura fait le plus long mandat &#8211; parmi les sept occupants du poste &#8211; depuis la \u00ab r\u00e9volution \u00bb du 14 janvier 2011 : 3 ans et quatre mois\u2026 Si son successeur parvient \u00e0 composer son gouvernement et surtout \u00e0 le faire approuver par un parlement r\u00e9calcitrant\u2026<br \/>Il n\u2019emp\u00eache qu\u2019il restera, \u00e0 ce jour, le plus jeune \u00ab Premier ministre \u00bb de l\u2019histoire de la Tunisie ind\u00e9pendante : 41 ans au moment de sa prise de fonction, 44 ans aujourd\u2019hui.<\/p>\n<h2>Comment il juge son parcours qui n\u2019aura pas \u00e9t\u00e9 de tout repos ?<\/h2>\n<p>Pour lui, la crise est \u00ab politique \u00bb avant de devenir \u00e9conomique et sociale. Politique \u00e0 cause des blocages parlementaires, syndicaux, partisans\u2026 Pour faire adopter une loi, il faut une majorit\u00e9 de 109 voix. Plus de 100 projets de loi pr\u00e9sent\u00e9s au parlement sont encore en attente dans les couloirs parlementaires\u2026 Que dire si on veut modifier tel ou tel article de la Constitution : il faut au minimum 145 voix\u2026<\/p>\n<p>Aujourd\u2019hui, dit-il, la preuve est faite de l\u2019inadaptation de certains de nos codes et r\u00e8gles. Du fait du code \u00e9lectoral, qui l\u2019a voulu et qui l\u2019a institu\u00e9 en 2014, il ne peut plys y avoir de \u00ab majorit\u00e9 parlementaire \u00bb pour gouverner\u00a0 \u00e0 t\u00eate repos\u00e9e. Le pays compte plus de 200 partis et le parlement plus 20 partis (r\u00e9partis en 8 blocs parlementaires) sans compter les \u00ab ind\u00e9pendants \u00bb, les \u00ab flottants \u00bb et les potentiels \u00ab touristes \u00bb (ceux qui changent de camp en cours de route).<\/p>\n<p>Comment adopter une \u00ab loi des finances \u00bb, comment l\u2019\u00e9valuer, la corriger, alors que les d\u00e9put\u00e9s viennent de toute part sans aucune pr\u00e9paration ni un minimum de connaissances \u00e9conomiques, fiscales, juridiques\u2026 ? Le code \u00e9lectoral actuel admet n\u2019importe qui sans exigence de C.V. !<br \/>Comment fonctionner quand le r\u00e8glement int\u00e9rieur du parlement ne facilite pas les choses ? Quand il faut \u00e0 chaque fois qu\u2019on change de ministre voter en faveur du nouveau avec au moins 109 voix ?<\/p>\n<p>\u00ab Il faut que cela change ! \u00bb, conclut Youssef Chahed. C\u2019est la premi\u00e8re des priorit\u00e9s. Il d\u00e9nonce le maque de maturit\u00e9 de la classe politique en g\u00e9n\u00e9ral et appelle \u00e0 l\u2019av\u00e8nement d\u2019une \u00ab nouvelle g\u00e9n\u00e9ration politique jeune, comp\u00e9tente, capable \u00bb d\u2019impulser le changement tant souhait\u00e9 et de sortir du marasme actuel.<br \/>Il faut aussi s\u2019int\u00e9resser de pr\u00e8s au financement (obscur) et aux dirigeants (inconnus) des partis politiques. Pour cela, la loi devra changer.\u00a0 Il faut enfin am\u00e9liorer le \u00ab per\u00e7u \u00bb des citoyens en les informant mieux, en vulgarisant davantage (\u00ab et-tawiya \u00bb).<\/p>\n<p>Ces r\u00e9formes sont n\u00e9cessaires, voire obligatoires. Mais, s\u2019il l\u2019on croit Youssef Chahed, \u00ab le plus dur est derni\u00e8re nous. La Tunisie a \u00e9vit\u00e9 le sc\u00e9nario du pire \u00bb. Aujourd\u2019hui, le d\u00e9ficit budg\u00e9taire a \u00e9t\u00e9 r\u00e9duit, et la croissance repart. En 2016, la Tunisie \u00e9tait parmi les pays \u00ab interdit \u00bb aux touristes. La lutte contre le terrorisme a \u00e9t\u00e9 efficace. Aujourd\u2019hui, \u00ab elle est banalis\u00e9e \u00bb \u00e0 tort. L\u2019Etat va encore consacrer 7 milliards de dinars au budget 2020 de la D\u00e9fense et de l\u2019Int\u00e9rieur, contre 1,8 milliard en 2016. Cet effort budg\u00e9taire colossal a \u00e9t\u00e9 fait, \u00e9videmment, au d\u00e9triment d\u2019autres budgets socio-\u00e9conomiques de d\u00e9veloppement.<\/p>\n<p>Aujourd\u2019hui, la chute du dinar s\u2019est arr\u00eat\u00e9e\u00a0 et les r\u00e9serves de change en partie reconstitu\u00e9es (6,5 milliards de dollars, contre 5,5 milliards en 2016 et 9 milliards en 2010). \u00ab La tendance est positive, mais attention elle demeure fragile \u00bb, conseille-t-il.\u00a0 La menace terroriste existe toujours. Il faut retrouver un \u00ab Etat fort \u00bb, mais \u00ab qui dit Etat fort ne signifie pas retour \u00e0 la dictature \u00bb.<\/p>\n<p>Il lance un appel au r\u00e9alisme : l\u2019Etat ne peut plus tout faire, il faut qu\u2019il se concentre sur ses t\u00e2ches essentielles (s\u00e9curit\u00e9, \u00e9ducation, sant\u00e9, infrastructures). Et laisse les autres au secteur concurrentiel. Le fardeau des salaires de la fonction publique devient trop lourd. \u00ab C\u2019est une hypocrisie que de dire le contraire \u00bb. Pour que l\u2019Etat redevienne efficace, il faut qu\u2019il d\u00e9pense \u00ab mieux \u00bb, moins dans les secteurs productifs, plus dans les secteurs sociaux. \u00ab Il faut restructurer les entreprises publiques, ce qui ne veut pas dire \u00ab privatiser \u00bb afin de d\u00e9gager des ressources pour l\u2019Etat. Les plans d\u2019action sont pr\u00eats, il\u00a0 faut la mise en application par le futur gouvernement (s\u2019il n\u2019efface pas tout pour recommencer\u2026).<\/p>\n<h2>Les 7 travaux d\u2019Hercule<\/h2>\n<p>Et, pour conclure, il en appelle \u00e0 cinq mots d\u2019ordre : 1. Relancer la machine productive et restaurer la culture du \u00ab travail bien fait \u00bb ; 2. Digitaliser l\u2019administration (en particulier la fiscalit\u00e9) et poursuivre la rigueur budg\u00e9taire ; 3. Intensifier la lutte contre la corruption ; 4. Ne pas l\u00e2cher dans la lutte contre le terrorisme (\u00ab Cette lutte accaparait, a-t-il confi\u00e9, 50 % de mon travail. \u00bb) ; 5. Cr\u00e9er\u00a0 un environnement politique positif ; 6. Am\u00e9liorer la communication et la vulgarisation p\u00e9dagogique (\u00ab tout n\u2019est pas noir \u00bb) ; 7. R\u00e9tablir la politique \u00ab contractuelle \u00bb stabilisatrice (pacte entre l\u2019Etat et les partenaires sociaux).<\/p>\n<p>Pour faire tout cela, la Tunisie dispose, selon lui, de la \u00ab mati\u00e8re grise \u00bb n\u00e9cessaire, tant pris\u00e9e par feu Habib Bourguiba (\u00ab El madda ech\u2019chakhma \u00bb).<\/p>\n<p class=\"c2\"><strong>Samir Gharbi<\/strong><\/p>\n<p class=\"c3\"><strong>Lire aussi<\/strong><\/p>\n<p class=\"c3\"><a href=\"https:\/\/www.leaders.com.tn\/article\/28576-journees-de-l-entreprise-mohamed-ennaceur-une-conference-nationale-pour-sortir-de-l-impasse\" target=\"_blank\" rel=\"noopener noreferrer\">Journ\u00e9es de l\u2019Entreprise &#8211; Mohamed Ennaceur : une \u00abconf\u00e9rence nationale\u00bb pour sortir de l\u2019impasse (Album Photos)<\/a><\/p>\n<p class=\"c3\"><a href=\"https:\/\/www.leaders.com.tn\/article\/28574-journees-de-l-entreprise-nafaa-ennaifer-il-est-interdit-de-ne-rien-faire\" target=\"_blank\" rel=\"noopener noreferrer\">Journ\u00e9es de l\u2019Entreprise &#8211; Nafaa Ennaifer: Il est interdit de ne rien faire (Album Photos)<\/a><\/p>\n<p class=\"c3\"><a href=\"https:\/\/www.leaders.com.tn\/article\/28574-journees-de-l-entreprise-nafaa-ennaifer-il-est-interdit-de-ne-rien-faire\" target=\"_blank\" rel=\"noopener noreferrer\">Journ\u00e9es de l\u2019Entreprise &#8211; Nafaa Ennaifer: Il est interdit de ne rien faire (Album Photos)<\/a><\/p>\n<p class=\"c3\"><a href=\"https:\/\/www.leaders.com.tn\/article\/28573-journees-de-l-entreprise-taieb-bayahi-renverser-la-table-s-il-le-faut\" target=\"_blank\" rel=\"noopener noreferrer\">Journ\u00e9es de l\u2019Entreprise &#8211; Ta\u00efeb Bayahi:\u00a0 Renverser la table, s\u2019il le faut ! (Album Photos)<\/a><\/p>\n<p class=\"c3\"><a href=\"https:\/\/www.leaders.com.tn\/article\/28572-conference-iace-une-etoile-est-nee\" target=\"_blank\" rel=\"noopener noreferrer\">Journ\u00e9es de l&rsquo;Entreprise : Une \u00e9toile est n\u00e9e \u00e0 El Kantaoui, Aya Ben Saad (Album photos)<\/a><\/p>\n<p class=\"c3\"><a href=\"https:\/\/www.leaders.com.tn\/article\/28558-a-l-occasion-des-journees-de-l-iace-competitivite-oh-miroir-mon-beau-miroir\" target=\"_blank\" rel=\"noopener noreferrer\">A l\u2019occasion des Journ\u00e9es de l\u2019IACE &#8211; Comp\u00e9titivit\u00e9: \u00ab\u00d4 miroir, mon beau miroir\u2026 \u00bb<\/a><\/p>\n<p class=\"c3\"><a href=\"https:\/\/www.leaders.com.tn\/article\/28555-iace-un-lanceur-d-alerte-tunisien\" target=\"_blank\" rel=\"noopener noreferrer\">Samir Gharbi &#8211; IACE : un lanceur d\u2019alerte tunisien?<\/a><\/p>\n<p class=\"c3\">\u00a0<\/p>\n<p>Auteur:<br \/>\n<a href=\"https:\/\/www.leaders.com.tn\/article\/28581-youssef-chahed\">Cliquez ici pour lire l&rsquo;article depuis sa source.<\/a><\/p>\n","protected":false},"excerpt":{"rendered":"<p>Candidat malheureux \u00e0 la pr\u00e9sidentielle de septembre 2019,\u00a0 Youssef Chahed a esquiss\u00e9 sto\u00efquement le bilan de sa gestion depuis ao\u00fbt 2016 devant un parterre de chefs d\u2019entreprises tri\u00e9s sur le volet et r\u00e9unis, le 6 d\u00e9cembre \u00e0 Sousse-Kantaoui,\u00a0 pour la 34e conf\u00e9rence des Journ\u00e9es de l\u2019Entreprise organis\u00e9es par l\u2019IACE (Institut arabe des chefs d\u2019entreprise). Seizi\u00e8me [&hellip;]<\/p>\n","protected":false},"author":1772,"featured_media":0,"comment_status":"closed","ping_status":"closed","sticky":false,"template":"","format":"standard","meta":{"fifu_image_url":"","fifu_image_alt":"","footnotes":""},"categories":[73,55],"tags":[],"class_list":["post-69580","post","type-post","status-publish","format-standard","hentry","category-actualite","category-tunisie"],"_links":{"self":[{"href":"https:\/\/linitiative.ca\/International\/wp-json\/wp\/v2\/posts\/69580","targetHints":{"allow":["GET"]}}],"collection":[{"href":"https:\/\/linitiative.ca\/International\/wp-json\/wp\/v2\/posts"}],"about":[{"href":"https:\/\/linitiative.ca\/International\/wp-json\/wp\/v2\/types\/post"}],"author":[{"embeddable":true,"href":"https:\/\/linitiative.ca\/International\/wp-json\/wp\/v2\/users\/1772"}],"replies":[{"embeddable":true,"href":"https:\/\/linitiative.ca\/International\/wp-json\/wp\/v2\/comments?post=69580"}],"version-history":[{"count":0,"href":"https:\/\/linitiative.ca\/International\/wp-json\/wp\/v2\/posts\/69580\/revisions"}],"wp:attachment":[{"href":"https:\/\/linitiative.ca\/International\/wp-json\/wp\/v2\/media?parent=69580"}],"wp:term":[{"taxonomy":"category","embeddable":true,"href":"https:\/\/linitiative.ca\/International\/wp-json\/wp\/v2\/categories?post=69580"},{"taxonomy":"post_tag","embeddable":true,"href":"https:\/\/linitiative.ca\/International\/wp-json\/wp\/v2\/tags?post=69580"}],"curies":[{"name":"wp","href":"https:\/\/api.w.org\/{rel}","templated":true}]}}