{"id":69585,"date":"2019-12-07T16:05:05","date_gmt":"2019-12-07T21:05:05","guid":{"rendered":"https:\/\/linitiative.ca\/International\/ligue-des-champions-de-la-caf-le-wac-tenu-en-echec-par-mamelodi-sundowns\/"},"modified":"2019-12-07T16:05:05","modified_gmt":"2019-12-07T21:05:05","slug":"ligue-des-champions-de-la-caf-le-wac-tenu-en-echec-par-mamelodi-sundowns","status":"publish","type":"post","link":"https:\/\/linitiative.ca\/International\/ligue-des-champions-de-la-caf-le-wac-tenu-en-echec-par-mamelodi-sundowns\/","title":{"rendered":"Ligue des Champions de la CAF : Le WAC tenu en \u00e9chec par Mamelodi Sundowns"},"content":{"rendered":"<p><strong>Le Wydad de Casablanca a \u00e9t\u00e9 tenu en \u00e9chec \u00e0 domicile face au club sud-africain Mamelodi Sundowns (0-0), au terme d\u2019un match comptant pour la deuxi\u00e8me journ\u00e9e du Groupe C de la Ligue des Champions de la CAF, disput\u00e9 samedi soir sur la pelouse du complexe sportif Mohammed V \u00e0 Casablanca.<\/strong><\/p>\n<div class=\"c10\"\/>\n<p>Les hommes de Zoran Manojlovic, qui cherchaient une premi\u00e8re victoire lors de cette comp\u00e9tition, ont rat\u00e9 le coche face \u00e0 un adversaire coriace qui a failli ouvrir la marque \u00e0 plusieurs reprises. Tout au long de la rencontre les Wydadis ont multipli\u00e9 les attaques sans parvenir \u00e0 ouvrir le score et d\u00e9crocher \u00e0 domicile les trois points tant attendus.<\/p>\n<p>Au terme de la rencontre, le Mamelodi Sundowns conserve sa place \u00e0 la t\u00eate du groupe C (4 points) tandis que l\u2019Union Sportive Medina d\u2019Alger et le WAC occupent la deuxi\u00e8me place avec deux points. Pour sa part, le Petro Atletico de Luanda est lanterne rouge avec un point.<\/p>\n<p>Pour sa part, le Raja de Casablanca s\u2019est impos\u00e9 en d\u00e9placement face au club congolais de l\u2019Association Sportive Vita Club (0-1), au terme d\u2019un match comptant pour la deuxi\u00e8me journ\u00e9e du Groupe D de la Ligue des Champions de la CAF, disput\u00e9 vendredi au stade des Martyrs \u00e0 Kinshasa en R\u00e9publique d\u00e9mocratique du Congo. Apr\u00e8s une premi\u00e8re mi-temps sans r\u00e9alisations, les hommes de Jamal Sellami vont ouvrir le score \u00e0 la 48\u00e8 minute sur une belle frappe de Soufiane Rahimi.<\/p>\n<p>Lors de la troisi\u00e8me journ\u00e9e qui se disputera le 27 d\u00e9cembre au complexe sportif Mohammed V \u00e0 Casablanca, le Raja affrontera la JS de Kabylie.<\/p>\n<div class=\"c17\">\n<fieldset class=\"c16\">\n<legend><strong><span class=\"c11\">Challenge<\/span><span class=\"c12\">news<\/span><\/strong><\/legend>\n<div class=\"c15\">Le meilleur de Challenge s\u00e9lectionn\u00e9 par la r\u00e9daction :<\/p>\n<\/div>\n<\/fieldset>\n<\/div>\n<p>Auteur: challenge<br \/>\n<a href=\"https:\/\/www.challenge.ma\/ligue-des-champions-de-la-caf-le-wac-tenu-en-echec-par-mamelodi-sundowns-125093\/\">Cliquez ici pour lire l&rsquo;article depuis sa source.<\/a><\/p>\n","protected":false},"excerpt":{"rendered":"<p>Le Wydad de Casablanca a \u00e9t\u00e9 tenu en \u00e9chec \u00e0 domicile face au club sud-africain Mamelodi Sundowns (0-0), au terme d\u2019un match comptant pour la deuxi\u00e8me journ\u00e9e du Groupe C de la Ligue des Champions de la CAF, disput\u00e9 samedi soir sur la pelouse du complexe sportif Mohammed V \u00e0 Casablanca. Les hommes de Zoran [&hellip;]<\/p>\n","protected":false},"author":1787,"featured_media":0,"comment_status":"closed","ping_status":"closed","sticky":false,"template":"","format":"standard","meta":{"fifu_image_url":"","fifu_image_alt":"","footnotes":""},"categories":[78,54],"tags":[],"class_list":["post-69585","post","type-post","status-publish","format-standard","hentry","category-economie","category-maroc"],"_links":{"self":[{"href":"https:\/\/linitiative.ca\/International\/wp-json\/wp\/v2\/posts\/69585","targetHints":{"allow":["GET"]}}],"collection":[{"href":"https:\/\/linitiative.ca\/International\/wp-json\/wp\/v2\/posts"}],"about":[{"href":"https:\/\/linitiative.ca\/International\/wp-json\/wp\/v2\/types\/post"}],"author":[{"embeddable":true,"href":"https:\/\/linitiative.ca\/International\/wp-json\/wp\/v2\/users\/1787"}],"replies":[{"embeddable":true,"href":"https:\/\/linitiative.ca\/International\/wp-json\/wp\/v2\/comments?post=69585"}],"version-history":[{"count":0,"href":"https:\/\/linitiative.ca\/International\/wp-json\/wp\/v2\/posts\/69585\/revisions"}],"wp:attachment":[{"href":"https:\/\/linitiative.ca\/International\/wp-json\/wp\/v2\/media?parent=69585"}],"wp:term":[{"taxonomy":"category","embeddable":true,"href":"https:\/\/linitiative.ca\/International\/wp-json\/wp\/v2\/categories?post=69585"},{"taxonomy":"post_tag","embeddable":true,"href":"https:\/\/linitiative.ca\/International\/wp-json\/wp\/v2\/tags?post=69585"}],"curies":[{"name":"wp","href":"https:\/\/api.w.org\/{rel}","templated":true}]}}