{"id":69586,"date":"2019-12-07T16:30:38","date_gmt":"2019-12-07T21:30:38","guid":{"rendered":"https:\/\/linitiative.ca\/International\/france-la-faillite-du-macronisme\/"},"modified":"2019-12-07T16:30:38","modified_gmt":"2019-12-07T21:30:38","slug":"france-la-faillite-du-macronisme","status":"publish","type":"post","link":"https:\/\/linitiative.ca\/International\/france-la-faillite-du-macronisme\/","title":{"rendered":"France : la faillite du macronisme"},"content":{"rendered":"<p><strong>La doxa n\u00e9olib\u00e9rale est en \u00e9chec, la France est bloqu\u00e9e, le Pr\u00e9sident Macron, n\u2019a r\u00e9duit ni les d\u00e9ficits, ni la dette et a mis des millions de Fran\u00e7ais dans la rue. \u00a0<\/strong><\/p>\n<div class=\"c10\"\/>\n<p>Seuls les na\u00effs ont pu croire au fameux <em>\u00aben m\u00eame temps\u00bb<\/em> du candidat Macron. Il expliquait que ses cadeaux aux riches, par le ph\u00e9nom\u00e8ne du ruissellement, cette arnaque conceptuelle, finiraient par relancer l\u2019\u00e9conomie, cr\u00e9er des emplois, r\u00e9duire les d\u00e9ficits et permettre une meilleure coh\u00e9sion sociale.<\/p>\n<p>Il a d\u2019abord essuy\u00e9 l\u2019une des jacqueries les plus cinglantes, celles des gilets jaunes qui mena\u00e7aient de marcher sur son palais. Courageux, mais pas t\u00e9m\u00e9raire, il a fini par l\u00e2cher 17 milliards d\u2019euros et surtout par abandonner le dogme du contr\u00f4le du d\u00e9ficit budg\u00e9taire. Dogme d\u2019autant plus idiot que la France emprunte \u00e0 un taux n\u00e9gatif.<\/p>\n<blockquote class=\"wp-block-quote\">\n<p>A mi-mandat, personne ne comprend plus rien \u00e0 sa r\u00e9forme, m\u00eame pas ses ministres<\/p>\n<\/blockquote>\n<p>Pour sauver son quinquennat et satisfaire les banquiers, il ne lui restait que sa grande r\u00e9forme, syst\u00e9mique, des retraites. C\u2019est devenu une v\u00e9ritable usine \u00e0 gaz, et les Fran\u00e7ais sont tous dans la rue.<\/p>\n<p><strong>D\u00e9chirer le contrat social<\/strong><\/p>\n<p>Le mod\u00e8le social fran\u00e7ais est l\u2019un des plus solidaires du monde. Ses bases ont \u00e9t\u00e9 \u00e9tablies par le Conseil National de la R\u00e9sistance \u00e0 la fin de la seconde guerre mondiale. Il a \u00e9t\u00e9 renforc\u00e9 par les luttes sociales et les acquis qui ont \u00e9t\u00e9 arrach\u00e9s. Dans ce cadre, des professions ont r\u00e9ussi \u00e0 imposer des conditions de d\u00e9part plus avantageuses pour le d\u00e9part \u00e0 la retraite. Il y a 42 syst\u00e8mes de retraites en France.<\/p>\n<p>Le candidat Macron avait promis de passer \u00e0 un syst\u00e8me par points qui serait plus juste et plus \u00e9quitable et donc la fin de tous les r\u00e9gimes sp\u00e9ciaux. A mi-mandat, personne ne comprend plus rien \u00e0 sa r\u00e9forme, m\u00eame pas ses ministres si l\u2019on en juge par leurs contradictions affich\u00e9es.<\/p>\n<p>Qui d\u00e9cidera de la valeur du point ? Quand s\u2019appliquera la r\u00e9forme ? Quelles compensations pour ceux qui perdront des droits acquis ? Macron, faute de r\u00e9pondre \u00e0 ces questions, a mis le feu aux poudres. Les Fran\u00e7ais sont vent debout pour prot\u00e9ger les retraites.<\/p>\n<p>Cette d\u00e9faite, ajout\u00e9e \u00e0 ses d\u00e9boires \u00e0 l\u2019international, sonne la fin du macronisme. Il ne peut plus r\u00e9former, parce qu\u2019il n\u2019a plus un soutien populaire cons\u00e9quent. Sa grande chance c\u2019est qu\u2019entre lui et Marine Le Pen c\u2019est le vide. Il pourra donc se repr\u00e9senter en esp\u00e9rant que le plafond de verre, ce r\u00e9flexe anti-extr\u00eame droite, fonctionne. Ce n\u2019est plus acquis et il se pourrait que parce qu\u2019il s\u2019est attaqu\u00e9 aux plus faibles, Macron soit le fossoyeur de la d\u00e9mocratie.<\/p>\n<div class=\"c17\">\n<fieldset class=\"c16\">\n<legend><strong><span class=\"c11\">Challenge<\/span><span class=\"c12\">news<\/span><\/strong><\/legend>\n<div class=\"c15\">Le meilleur de Challenge s\u00e9lectionn\u00e9 par la r\u00e9daction :<\/p>\n<\/div>\n<\/fieldset>\n<\/div>\n<p>Auteur: Jamal Berraoui<br \/>\n<a href=\"https:\/\/www.challenge.ma\/france-la-faillite-du-macronisme-125080\/\">Cliquez ici pour lire l&rsquo;article depuis sa source.<\/a><\/p>\n","protected":false},"excerpt":{"rendered":"<p>La doxa n\u00e9olib\u00e9rale est en \u00e9chec, la France est bloqu\u00e9e, le Pr\u00e9sident Macron, n\u2019a r\u00e9duit ni les d\u00e9ficits, ni la dette et a mis des millions de Fran\u00e7ais dans la rue. \u00a0 Seuls les na\u00effs ont pu croire au fameux \u00aben m\u00eame temps\u00bb du candidat Macron. Il expliquait que ses cadeaux aux riches, par le [&hellip;]<\/p>\n","protected":false},"author":1787,"featured_media":0,"comment_status":"closed","ping_status":"closed","sticky":false,"template":"","format":"standard","meta":{"fifu_image_url":"","fifu_image_alt":"","footnotes":""},"categories":[78,54],"tags":[],"class_list":["post-69586","post","type-post","status-publish","format-standard","hentry","category-economie","category-maroc"],"_links":{"self":[{"href":"https:\/\/linitiative.ca\/International\/wp-json\/wp\/v2\/posts\/69586","targetHints":{"allow":["GET"]}}],"collection":[{"href":"https:\/\/linitiative.ca\/International\/wp-json\/wp\/v2\/posts"}],"about":[{"href":"https:\/\/linitiative.ca\/International\/wp-json\/wp\/v2\/types\/post"}],"author":[{"embeddable":true,"href":"https:\/\/linitiative.ca\/International\/wp-json\/wp\/v2\/users\/1787"}],"replies":[{"embeddable":true,"href":"https:\/\/linitiative.ca\/International\/wp-json\/wp\/v2\/comments?post=69586"}],"version-history":[{"count":0,"href":"https:\/\/linitiative.ca\/International\/wp-json\/wp\/v2\/posts\/69586\/revisions"}],"wp:attachment":[{"href":"https:\/\/linitiative.ca\/International\/wp-json\/wp\/v2\/media?parent=69586"}],"wp:term":[{"taxonomy":"category","embeddable":true,"href":"https:\/\/linitiative.ca\/International\/wp-json\/wp\/v2\/categories?post=69586"},{"taxonomy":"post_tag","embeddable":true,"href":"https:\/\/linitiative.ca\/International\/wp-json\/wp\/v2\/tags?post=69586"}],"curies":[{"name":"wp","href":"https:\/\/api.w.org\/{rel}","templated":true}]}}