{"id":69597,"date":"2019-12-07T12:18:03","date_gmt":"2019-12-07T17:18:03","guid":{"rendered":"https:\/\/linitiative.ca\/International\/presidentielle-2020-il-ny-aura-pas-dexclusion-y-compris-ado-ouattara\/"},"modified":"2019-12-07T12:18:03","modified_gmt":"2019-12-07T17:18:03","slug":"presidentielle-2020-il-ny-aura-pas-dexclusion-y-compris-ado-ouattara","status":"publish","type":"post","link":"https:\/\/linitiative.ca\/International\/presidentielle-2020-il-ny-aura-pas-dexclusion-y-compris-ado-ouattara\/","title":{"rendered":"Pr\u00e9sidentielle 2020 : \u00ab Il n\u2019y aura pas d\u2019exclusion y compris ADO \u00bb (Ouattara)"},"content":{"rendered":"<div readability=\"32\">\n<p>Publi\u00e9 le 07.12.2019 \u00e0 18h18 par APA News<\/p>\n<\/div>\n<div readability=\"108\">\n<p>Le chef de l\u2019Etat ivoirien, Alassane Ouattara, a d\u00e9clar\u00e9 samedi \u00e0 Yamoussoukro qu\u2019\u00ab il n\u2019y aura pas d\u2019exclusion \u00bb \u00e0 l\u2019\u00e9lection pr\u00e9sidentielle de 2020 y compris lui, lors d\u2019une c\u00e9r\u00e9monie d\u2019hommage \u00e0 feu F\u00e9lix Houphou\u00ebt-Boigny, le premier pr\u00e9sident de la C\u00f4te d\u2019Ivoire.M. Ouattara a tenu ces propos apr\u00e8s qu\u2019une grande foule, compos\u00e9e de milliers de personnes, r\u00e9unie \u00e0 la mythique Place Jean Paul II de Yamoussoukro, lui a demand\u00e9 au terme d\u2019un discours de briguer un troisi\u00e8me mandat \u00e0 la t\u00eate du pays.<\/p>\n<p>\u00ab Si vous me demandez de faire un 3e mandat (\u2026) on en reparlera \u00bb, a dit M. Ouattara h\u00e9sitant \u00e0 se prononcer avant de se l\u00e2cher : \u00ab je veux rassurer les candidats, les uns et les autres, qu\u2019il n\u2019y aura pas d\u2019exclusion de qui que ce soit y compris ADO (Alassane Ouattara)\u00bb.\u00a0<\/p>\n<p>\u00ab Si ADO d\u00e9cide d\u2019aller de l\u2019avant, il n\u2019y aura pas d\u2019exclusion, \u00a0personne ne sera exclu. Je voudrais vous remercier pour votre confiance \u00bb, a-t-il poursuivi tout en rassurant qu\u2019en ce qui concerne l\u2019\u00e9lection pr\u00e9sidentielle de 2020 \u00ab tout se passera bien \u00bb contrairement \u00e0 celle de 2010.<\/p>\n<p>Ce 26e anniversaire du d\u00e9c\u00e8s de F\u00e9lix Houphou\u00ebt-Boigny a un cachet particulier. Il a \u00e9t\u00e9 marqu\u00e9 par plusieurs manifestations du 6 au 7 d\u00e9cembre 2019 \u00e0 Yamoussoukro, dont une exposition photos, \u00a0une soir\u00e9e d\u2019hommage, des pri\u00e8res \u00e0 la basilique et \u00e0 la grande mosqu\u00e9e, puis un g\u00e9ant meeting.<\/p>\n<p>Le pr\u00e9sident Ouattara a salu\u00e9 une mobilisation \u00ab in\u00e9dite \u00bb des enfants d\u2019Houphou\u00ebt-Boigny sur ses terres natales. Il a dit qu\u2019 il mettra tout en \u0153uvre pour p\u00e9renniser l\u2019\u0153uvre ainsi que la pens\u00e9e d\u2019Houphou\u00ebt-Boigny, et les militants pouvaient compter sur lui.<\/p>\n<p>A la t\u00eate du Parti unifi\u00e9 Rhdp \u00a0(Rassemblement des Houphouetistes pour la d\u00e9mocratie et la paix), la coalition au pouvoir, M. Ouattara veut poursuivre la philosophie de Houphou\u00ebt-Boigny, son \u00ab ma\u00eetre politique \u00bb pour le renforcement de la paix et le rassemblement des fils et filles de C\u00f4te d\u2019Ivoire.\u00a0<\/p>\n<p>Pour M. Ouattara, Houphou\u00ebt-Boigny qui a port\u00e9 le pays \u00e0 son ind\u00e9pendance et pos\u00e9 les fonds baptismaux de son d\u00e9veloppement, \u00e9tait \u00ab une \u00e9cole de la vie, un visionnaire \u00bb. Pour ce faire, tous ceux qui se consid\u00e8rent Houphouetistes devraient \u00eatre au Rhdp, \u00ab la maison d\u2019Houphou\u00ebt \u00bb.\u00a0<\/p>\n<p>Un d\u00e9bat est men\u00e9 par la classe politique ivoirienne sur la Constitution de 2016 qui consacre deux mandats pr\u00e9sidentiels. Pour l\u2019opposition, M. Ouattara ne peut briguer un 3e mandat en raison du principe de continuit\u00e9 de l\u2019Etat, or le pouvoir estime que le pays est sous une nouvelle R\u00e9publique.\u00a0<\/p>\n<p>Le 19 octobre 2019, le Parti d\u00e9mocratique de C\u00f4te d\u2019Ivoire (Pdci, opposition), fond\u00e9 par Houphou\u00ebt-Boigny, a tenu un meeting \u00e0 son hommage \u00e0 cette m\u00eame Place, Jean Paul II. Ce samedi, son parti avec \u00e0 sa t\u00eate Henri Konan B\u00e9di\u00e9, a observ\u00e9 un temps de recueillement \u00e0 la Cath\u00e9drale Saint Paul d\u2019Abidjan-Plateau. \u00a0<\/p>\n<\/div>\n<p>Auteur: APA News<br \/>\n<a href=\"https:\/\/www.journalducameroun.com\/presidentielle-2020-il-ny-aura-pas-dexclusion-y-compris-ado-ouattara\/\">Cliquez ici pour lire l&rsquo;article depuis sa source.<\/a><\/p>\n","protected":false},"excerpt":{"rendered":"<p>Publi\u00e9 le 07.12.2019 \u00e0 18h18 par APA News Le chef de l\u2019Etat ivoirien, Alassane Ouattara, a d\u00e9clar\u00e9 samedi \u00e0 Yamoussoukro qu\u2019\u00ab il n\u2019y aura pas d\u2019exclusion \u00bb \u00e0 l\u2019\u00e9lection pr\u00e9sidentielle de 2020 y compris lui, lors d\u2019une c\u00e9r\u00e9monie d\u2019hommage \u00e0 feu F\u00e9lix Houphou\u00ebt-Boigny, le premier pr\u00e9sident de la C\u00f4te d\u2019Ivoire.M. Ouattara a tenu ces propos [&hellip;]<\/p>\n","protected":false},"author":1965,"featured_media":0,"comment_status":"closed","ping_status":"closed","sticky":false,"template":"","format":"standard","meta":{"fifu_image_url":"","fifu_image_alt":"","footnotes":""},"categories":[73,82],"tags":[],"class_list":["post-69597","post","type-post","status-publish","format-standard","hentry","category-actualite","category-cameroun"],"_links":{"self":[{"href":"https:\/\/linitiative.ca\/International\/wp-json\/wp\/v2\/posts\/69597","targetHints":{"allow":["GET"]}}],"collection":[{"href":"https:\/\/linitiative.ca\/International\/wp-json\/wp\/v2\/posts"}],"about":[{"href":"https:\/\/linitiative.ca\/International\/wp-json\/wp\/v2\/types\/post"}],"author":[{"embeddable":true,"href":"https:\/\/linitiative.ca\/International\/wp-json\/wp\/v2\/users\/1965"}],"replies":[{"embeddable":true,"href":"https:\/\/linitiative.ca\/International\/wp-json\/wp\/v2\/comments?post=69597"}],"version-history":[{"count":0,"href":"https:\/\/linitiative.ca\/International\/wp-json\/wp\/v2\/posts\/69597\/revisions"}],"wp:attachment":[{"href":"https:\/\/linitiative.ca\/International\/wp-json\/wp\/v2\/media?parent=69597"}],"wp:term":[{"taxonomy":"category","embeddable":true,"href":"https:\/\/linitiative.ca\/International\/wp-json\/wp\/v2\/categories?post=69597"},{"taxonomy":"post_tag","embeddable":true,"href":"https:\/\/linitiative.ca\/International\/wp-json\/wp\/v2\/tags?post=69597"}],"curies":[{"name":"wp","href":"https:\/\/api.w.org\/{rel}","templated":true}]}}