{"id":69598,"date":"2019-12-07T12:18:07","date_gmt":"2019-12-07T17:18:07","guid":{"rendered":"https:\/\/linitiative.ca\/International\/250-chameaux-de-lue-pour-lunite-mehariste-en-mauritanie\/"},"modified":"2019-12-07T12:18:07","modified_gmt":"2019-12-07T17:18:07","slug":"250-chameaux-de-lue-pour-lunite-mehariste-en-mauritanie","status":"publish","type":"post","link":"https:\/\/linitiative.ca\/International\/250-chameaux-de-lue-pour-lunite-mehariste-en-mauritanie\/","title":{"rendered":"250 chameaux de l\u2019UE pour l\u2019unit\u00e9 m\u00e9hariste en Mauritanie"},"content":{"rendered":"<div readability=\"32\">\n<p>Publi\u00e9 le 07.12.2019 \u00e0 18h18 par APA News<\/p>\n<\/div>\n<div readability=\"68\">\n<p>L\u2019unit\u00e9 m\u00e9hariste relevant de l\u2019\u00e9tat-major de la Garde mauritanienne a re\u00e7u le premier lot de chameaux accord\u00e9 par l\u2019Union europ\u00e9enne (UE) et qui compte 250 b\u00eates, a-t-on appris de source officielle samedi \u00e0 Nouakchott.Ces chameaux accompagn\u00e9s de leurs \u00e9quipements (selles, gourdes, etc..) ont \u00e9t\u00e9 remis lors d\u2019une c\u00e9r\u00e9monie organis\u00e9e dans la ville d\u2019Achemim, plus de 1.000 kilom\u00e8tres \u00e0 l\u2019est de Nouakchott.<\/p>\n<p>Ils s\u2019inscrivent dans le cadre du programme de s\u00e9curit\u00e9 et de d\u00e9veloppement conjoint entre la Mauritanie et l\u2019UE et devraient renforcer l\u2019action de cette unit\u00e9 charg\u00e9e de surveiller les zones recul\u00e9es du sud-est mauritanien.<\/p>\n<p>Les b\u00eates remises contribueront notamment au succ\u00e8s de l\u2019approche s\u00e9curitaire qui permet de faire face \u00e0 tous les types du crime organis\u00e9 transfrontalier, a expliqu\u00e9 le chef d\u2019\u00e9tat-major de la Garde mauritanienne, le g\u00e9n\u00e9ral Mesgharou Ould Sidi.<\/p>\n<p>Le g\u00e9n\u00e9ral Sidi a soulign\u00e9 les capacit\u00e9s de mobilit\u00e9 de l\u2019unit\u00e9 m\u00e9hariste dans les endroits difficiles et recul\u00e9s pour stabiliser la s\u00e9curit\u00e9 et \u00e9radiquer le crime, en plus de l\u2019assistance des citoyens dans les domaines sociaux comme la sant\u00e9 et l\u2019enseignement.<\/p>\n<p>Selon lui, cette unit\u00e9 gagnera la confiance des citoyens et sera plus proche d\u2019eux dans toutes les conditions.<\/p>\n<p>Cr\u00e9\u00e9e en 1912 avec la naissance de la Garde nationale compos\u00e9e alors exclusivement de m\u00e9haristes et de cavaliers, cette unit\u00e9 est devenue autonome en 1992.<\/p>\n<p>Ses missions portent sur le maintien de l\u2019ordre, la police judicaire et l\u2019extinction des feux de brousse, en plus des t\u00e2ches sociales et de d\u00e9veloppement li\u00e9es \u00e0 la vie quotidienne des populations.<\/p>\n<\/div>\n<p>Auteur: APA News<br \/>\n<a href=\"https:\/\/www.journalducameroun.com\/250-chameaux-de-lue-pour-lunite-mehariste-en-mauritanie\/\">Cliquez ici pour lire l&rsquo;article depuis sa source.<\/a><\/p>\n","protected":false},"excerpt":{"rendered":"<p>Publi\u00e9 le 07.12.2019 \u00e0 18h18 par APA News L\u2019unit\u00e9 m\u00e9hariste relevant de l\u2019\u00e9tat-major de la Garde mauritanienne a re\u00e7u le premier lot de chameaux accord\u00e9 par l\u2019Union europ\u00e9enne (UE) et qui compte 250 b\u00eates, a-t-on appris de source officielle samedi \u00e0 Nouakchott.Ces chameaux accompagn\u00e9s de leurs \u00e9quipements (selles, gourdes, etc..) ont \u00e9t\u00e9 remis lors d\u2019une [&hellip;]<\/p>\n","protected":false},"author":1965,"featured_media":0,"comment_status":"closed","ping_status":"closed","sticky":false,"template":"","format":"standard","meta":{"fifu_image_url":"","fifu_image_alt":"","footnotes":""},"categories":[73,82],"tags":[],"class_list":["post-69598","post","type-post","status-publish","format-standard","hentry","category-actualite","category-cameroun"],"_links":{"self":[{"href":"https:\/\/linitiative.ca\/International\/wp-json\/wp\/v2\/posts\/69598","targetHints":{"allow":["GET"]}}],"collection":[{"href":"https:\/\/linitiative.ca\/International\/wp-json\/wp\/v2\/posts"}],"about":[{"href":"https:\/\/linitiative.ca\/International\/wp-json\/wp\/v2\/types\/post"}],"author":[{"embeddable":true,"href":"https:\/\/linitiative.ca\/International\/wp-json\/wp\/v2\/users\/1965"}],"replies":[{"embeddable":true,"href":"https:\/\/linitiative.ca\/International\/wp-json\/wp\/v2\/comments?post=69598"}],"version-history":[{"count":0,"href":"https:\/\/linitiative.ca\/International\/wp-json\/wp\/v2\/posts\/69598\/revisions"}],"wp:attachment":[{"href":"https:\/\/linitiative.ca\/International\/wp-json\/wp\/v2\/media?parent=69598"}],"wp:term":[{"taxonomy":"category","embeddable":true,"href":"https:\/\/linitiative.ca\/International\/wp-json\/wp\/v2\/categories?post=69598"},{"taxonomy":"post_tag","embeddable":true,"href":"https:\/\/linitiative.ca\/International\/wp-json\/wp\/v2\/tags?post=69598"}],"curies":[{"name":"wp","href":"https:\/\/api.w.org\/{rel}","templated":true}]}}