{"id":69599,"date":"2019-12-07T13:50:03","date_gmt":"2019-12-07T18:50:03","guid":{"rendered":"https:\/\/linitiative.ca\/International\/naufrage-de-migrants-en-mauritanie-60-gambiens-morts-une-tragedie-nationale-president-gambien\/"},"modified":"2019-12-07T13:50:03","modified_gmt":"2019-12-07T18:50:03","slug":"naufrage-de-migrants-en-mauritanie-60-gambiens-morts-une-tragedie-nationale-president-gambien","status":"publish","type":"post","link":"https:\/\/linitiative.ca\/International\/naufrage-de-migrants-en-mauritanie-60-gambiens-morts-une-tragedie-nationale-president-gambien\/","title":{"rendered":"Naufrage de migrants en Mauritanie: \u00ab\u00a060 Gambiens morts, une trag\u00e9die nationale\u00a0\u00bb (pr\u00e9sident gambien)"},"content":{"rendered":"<div readability=\"32\">\n<p>Publi\u00e9 le 07.12.2019 \u00e0 19h50 par AFP<\/p>\n<\/div>\n<div readability=\"99\">\n<p>Le pr\u00e9sident gambien Adama Barrow a annonc\u00e9 samedi que 60 Gambiens sont morts dans le naufrage mercredi au large de la Mauritanie du bateau qui transportait pr\u00e8s de 200 migrants en route pour l\u2019Espagne et promis des sanctions contre les responsables de cette \u00ab\u00a0trag\u00e9die nationale\u00a0\u00bb.<\/p>\n<p>\u00ab\u00a0Perdre la vie de 60 jeunes gens en mer est une trag\u00e9die nationale et un sujet d\u2019inqui\u00e9tude pour mon gouvernement. Une enqu\u00eate polici\u00e8re pouss\u00e9e sera lanc\u00e9e pour faire la lumi\u00e8re sur ce grave d\u00e9sastre national\u00a0\u00bb, a d\u00e9clar\u00e9 le pr\u00e9sident Barrow dans un discours \u00e0 la t\u00e9l\u00e9vision publique.<\/p>\n<p>La pirogue \u00e0 moteur, partie le 27 novembre de Gambie, et qui comptait rejoindre les Canaries, archipel espagnol au large du Maroc, a fait naufrage mercredi face aux c\u00f4tes mauritaniennes.<\/p>\n<p>L\u2019Organisation internationale pour les migrations (OIM) avait fait \u00e9tat de 62 d\u00e9c\u00e8s, une source s\u00e9curitaire de 63 morts dont une majorit\u00e9 de Gambiens mais aussi 13 S\u00e9n\u00e9galais, dans des bilans pr\u00e9c\u00e9dents ne d\u00e9taillant pas la nationalit\u00e9 des victimes.<\/p>\n<p>\u00ab\u00a0Les fautifs seront poursuivis conform\u00e9ment \u00e0 la loi\u00a0\u00bb, a ajout\u00e9 le pr\u00e9sident gambien, en pr\u00e9sentant ses condol\u00e9ances aux familles endeuill\u00e9es.<\/p>\n<p>Des survivants du naufrage, dont le nombre n\u2019a pas \u00e9t\u00e9 indiqu\u00e9, avaient quitt\u00e9 samedi la Mauritanie \u00e0 bord de cars pour la Gambie, selon un correspondant de l\u2019AFP.<\/p>\n<p>\u00ab\u00a0Nous voulons que nos jeunes restent dans le pays pour exploiter nos potentialit\u00e9s \u00e9conomiques\u00a0\u00bb, a poursuivi M. Barrow, avant d\u2019annoncer un renforcement de la lutte contre les trafiquants de personnes.<\/p>\n<p>Par ailleurs, 192 Gambiens ont \u00e9t\u00e9 intercept\u00e9s vendredi en haute mer par les garde-c\u00f4tes mauritaniens, dans un bateau en partance pour l\u2019Espagne, selon une source de s\u00e9curit\u00e9 mauritanienne.<\/p>\n<p>Pr\u00e8s de 25.000 personnes sont mortes depuis janvier 2014 en tentant de rejoindre l\u2019Europe pour des raisons \u00e9conomiques ou politiques, d\u2019apr\u00e8s les chiffres de l\u2019OIM.<\/p>\n<p>La majorit\u00e9 (19.154) ont p\u00e9ri en M\u00e9diterran\u00e9e, o\u00f9 se situent les principales voies d\u2019acc\u00e8s au continent europ\u00e9en. Mais plus de 480 ont aussi perdu la vie en Afrique de l\u2019Ouest, dont environ 160 en 2019.<\/p>\n<p>Le naufrage de mercredi est le plus meurtrier survenu cette ann\u00e9e sur cette voie, selon l\u2019OIM.<\/p>\n<p>La Gambie est, en proportion de sa population d\u2019environ deux millions d\u2019habitants, l\u2019un des pays qui connaissent le plus de d\u00e9parts, pour une combinaison de raisons, pas seulement \u00e9conomiques malgr\u00e9 la pauvret\u00e9 du pays, dit l\u2019OIM. Elle \u00e9voque l\u2019absence de foi dans l\u2019avenir ou la pression familiale intense comme au S\u00e9n\u00e9gal voisin.<\/p>\n<\/div>\n<p>Auteur: AFP<br \/>\n<a href=\"https:\/\/www.journalducameroun.com\/naufrage-de-migrants-en-mauritanie-60-gambiens-morts-une-tragedie-nationale-president-gambien\/\">Cliquez ici pour lire l&rsquo;article depuis sa source.<\/a><\/p>\n","protected":false},"excerpt":{"rendered":"<p>Publi\u00e9 le 07.12.2019 \u00e0 19h50 par AFP Le pr\u00e9sident gambien Adama Barrow a annonc\u00e9 samedi que 60 Gambiens sont morts dans le naufrage mercredi au large de la Mauritanie du bateau qui transportait pr\u00e8s de 200 migrants en route pour l\u2019Espagne et promis des sanctions contre les responsables de cette \u00ab\u00a0trag\u00e9die nationale\u00a0\u00bb. \u00ab\u00a0Perdre la vie [&hellip;]<\/p>\n","protected":false},"author":1965,"featured_media":0,"comment_status":"closed","ping_status":"closed","sticky":false,"template":"","format":"standard","meta":{"fifu_image_url":"","fifu_image_alt":"","footnotes":""},"categories":[73,82],"tags":[],"class_list":["post-69599","post","type-post","status-publish","format-standard","hentry","category-actualite","category-cameroun"],"_links":{"self":[{"href":"https:\/\/linitiative.ca\/International\/wp-json\/wp\/v2\/posts\/69599","targetHints":{"allow":["GET"]}}],"collection":[{"href":"https:\/\/linitiative.ca\/International\/wp-json\/wp\/v2\/posts"}],"about":[{"href":"https:\/\/linitiative.ca\/International\/wp-json\/wp\/v2\/types\/post"}],"author":[{"embeddable":true,"href":"https:\/\/linitiative.ca\/International\/wp-json\/wp\/v2\/users\/1965"}],"replies":[{"embeddable":true,"href":"https:\/\/linitiative.ca\/International\/wp-json\/wp\/v2\/comments?post=69599"}],"version-history":[{"count":0,"href":"https:\/\/linitiative.ca\/International\/wp-json\/wp\/v2\/posts\/69599\/revisions"}],"wp:attachment":[{"href":"https:\/\/linitiative.ca\/International\/wp-json\/wp\/v2\/media?parent=69599"}],"wp:term":[{"taxonomy":"category","embeddable":true,"href":"https:\/\/linitiative.ca\/International\/wp-json\/wp\/v2\/categories?post=69599"},{"taxonomy":"post_tag","embeddable":true,"href":"https:\/\/linitiative.ca\/International\/wp-json\/wp\/v2\/tags?post=69599"}],"curies":[{"name":"wp","href":"https:\/\/api.w.org\/{rel}","templated":true}]}}