{"id":69600,"date":"2019-12-07T14:50:03","date_gmt":"2019-12-07T19:50:03","guid":{"rendered":"https:\/\/linitiative.ca\/International\/cote-divoire-ouattara-se-pose-en-heritier-dhouphouet-avant-la-presidentielle-de-2020\/"},"modified":"2019-12-07T14:50:03","modified_gmt":"2019-12-07T19:50:03","slug":"cote-divoire-ouattara-se-pose-en-heritier-dhouphouet-avant-la-presidentielle-de-2020","status":"publish","type":"post","link":"https:\/\/linitiative.ca\/International\/cote-divoire-ouattara-se-pose-en-heritier-dhouphouet-avant-la-presidentielle-de-2020\/","title":{"rendered":"C\u00f4te d\u2019Ivoire: Ouattara se pose en h\u00e9ritier d\u2019Houphouet avant la pr\u00e9sidentielle de 2020"},"content":{"rendered":"<div readability=\"32\">\n<p>Publi\u00e9 le 07.12.2019 \u00e0 20h50 par AFP<\/p>\n<\/div>\n<div readability=\"146\">\n<p>Se positionnant en \u00ab\u00a0unique\u00a0\u00bb h\u00e9ritier du pr\u00e9sident ivoirien d\u00e9funt F\u00e9lix Houphouet-Boigny, le pr\u00e9sident Alassane Ouattara a rassembl\u00e9 samedi des dizaines de milliers de partisans \u00e0 Yamoussoukro o\u00f9 il a une nouvelle fois entretenu le myst\u00e8re sur sa candidature \u00e0 un troisi\u00e8me mandat pour la pr\u00e9sidentielle de 2020.<\/p>\n<p>Officiellement le rassemblement \u00e0 Yamoussoukro \u00e9tait une \u00ab\u00a0c\u00e9r\u00e9monie d\u2019hommage\u00a0\u00bb au pr\u00e9sident d\u00e9funt Houphouet-Boigny, le jour de l\u2019anniversaire de sa mort. Mais pour le parti de Ouattara, le Rassemblement des houphou\u00e9tistes pour la d\u00e9mocratie et la paix (RHDP), il a \u00e9galement \u00e9t\u00e9 l\u2019occasion de montrer qu\u2019il pouvait lui aussi mobiliser de nombreux militants plus d\u2019un mois apr\u00e8s le \u00ab\u00a0giga-meeting\u00a0\u00bb organis\u00e9 (et baptis\u00e9 ainsi) en octobre par le Parti d\u00e9mocratique de C\u00f4te d\u2019Ivoire (PDCI), dirig\u00e9 par l\u2019ex-pr\u00e9sident Henri Konan B\u00e9di\u00e9.<\/p>\n<p>\u00ab\u00a0Le PDCI nous a provoqu\u00e9. On r\u00e9pond\u00a0\u00bb, confiait sur le ton de la plaisanterie un haut responsable du RHDP.<\/p>\n<p>Des dizaines de bus pour transporter les militants, casquettes, pancartes, grands \u00e9crans, stars du show business\u2026 Le RHDP a vu grand pour ce meeting \u00ab\u00a0jamais vu\u00a0\u00bb, selon l\u2019expression du pr\u00e9sident Ouattara.<\/p>\n<p>Le PDCI assure avoir rassembl\u00e9 300.000 personnes en octobre alors que le pr\u00e9sident du S\u00e9nat Jeannot Ahoussou a lui aussi \u00e9voqu\u00e9 le chiffre de 300.000 personnes pour le meeting du RHDP ce samedi.<\/p>\n<p>Photos, films, rappel de la carri\u00e8re de ADO (Alassane Dramane Ouattara) qui a notamment \u00e9t\u00e9 \u00ab\u00a0l\u2019unique Premier ministre\u00a0\u00bb de Houphouet\u2026 Le rassemblement semblait avoir surtout pour objet de pr\u00e9senter Ouattara comme l\u2019unique h\u00e9ritier de Houphouet, le pr\u00e9sident id\u00e9alis\u00e9 de la C\u00f4te d\u2019ivoire de 1960 \u00e0 1993, originaire de Yamoussoukro et d\u2019ethnie Baoul\u00e9.<\/p>\n<p>Natif de la r\u00e9gion, Konan B\u00e9di\u00e9 est aujourd\u2019hui consid\u00e9r\u00e9 comme le chef des Baoul\u00e9s (20-25% de la population) . \u00ab\u00a0On est en pleine campagne \u00e9lectorale de 2020. Ouattara se d\u00e9signe comme l\u2019h\u00e9ritier l\u00e9gitime de Houphouet pour tenter d\u2019attirer \u00e0 lui l\u2019\u00e9lectorat baoul\u00e9 pour qui Houphouet est le mod\u00e8le\u00a0\u00bb, souligne un observateur avis\u00e9.<\/p>\n<p>Les dizaines de milliers de spectateurs venus samedi \u00e0 Yamoussoukro \u00e9taient eux aussi en campagne \u00e9lectorale. \u00ab\u00a0Troisi\u00e8me, troisi\u00e8me, troisi\u00e8me\u00a0\u00bb, ont-ils scand\u00e9 faisant allusion \u00e0 un troisi\u00e8me mandat. Le pr\u00e9sident leur a r\u00e9pondu en riant: \u00ab\u00a0Si vous me demandez de faire un troisi\u00e8me, alors, alors, alors\u2026\u00a0\u00bb.<\/p>\n<p>Promettant une \u00e9lection dans \u00ab\u00a0la s\u00e9curit\u00e9 et la paix\u00a0\u00bb, il a promis qu&rsquo;\u00a0\u00bbil n\u2019y aura aucune exclusion de candidat (lors de la pr\u00e9sidentielle)\u2026 ADO n\u2019est pas exclu\u00a0\u00bb, d\u00e9clenchant des acclamations dans la foule.<\/p>\n<p>\u2013 \u00ab\u00a0on suivra \u00ab\u00a0\u2013<\/p>\n<p>\u00ab\u00a0On en reparlera\u00a0\u00bb, a-t-il ajout\u00e9, toujours souriant. Le sujet est devenu r\u00e9current ces derni\u00e8res semaines.<\/p>\n<p>Samedi dernier, Ouattara, 77 ans a annonc\u00e9 qu\u2019il serait candidat si ses rivaux historiques, les ex-pr\u00e9sidents Laurent Gbagbo, 74 ans et Henri Konan B\u00e9di\u00e9, 85 ans, se pr\u00e9sentent au scrutin. Les trois hommes, principaux protagonistes de la d\u00e9cennie de crise et des violences post \u00e9lectorales de 2010-2011, laissent tous les trois la porte ouverte\u2026 Ils ont jusqu\u2019\u00e0 juillet 2020 pour se d\u00e9cider.<\/p>\n<p>A Yamoussoukro, les militants savent ce qu\u2019ils veulent. V\u00eatu d\u2019un T-shirt sur lequel est \u00e9crit \u00ab\u00a0Ouattara, notre boussole\u00a0\u00bb, Seydou Bakayoko, \u00e9tudiant venu d\u2019Abidjan, \u00ab\u00a0veut qu\u2019il se repr\u00e9sente. On le veut comme pr\u00e9sident \u00e0 vie m\u00eame. Et s\u2019il ne veut pas, il d\u00e9signe qui il veut et nous on le soutiendra\u00a0\u00bb.<\/p>\n<p>\u00ab\u00a0On veut qu\u2019il rempile. Il a fait du bon boul\u00f4t mais c\u2019est lui qui d\u00e9cide. S\u2019il nous montre quelqu\u2019un d\u2019autre, on suivra\u00a0\u00bb, affirm\u00e9 Issa Konat\u00e9, homme d\u2019affaires venu de Man (centre-ouest).<\/p>\n<p>Le pr\u00e9sident a \u00e9t\u00e9 accueilli comme une rock star. Arriv\u00e9 sur un v\u00e9hicule d\u00e9couvert lui permettant de saluer ses supporteurs, il est ensuite pass\u00e9 dans un couloir au milieu de la foule qui criait \u00ab\u00a0Ado, Ado!\u00a0\u00bb ou \u00ab\u00a0Pr\u00e9si! Pr\u00e9si\u00a0\u00bb.<\/p>\n<p>Un des premiers artistes \u00e0 venir sur sc\u00e8ne est le reggae man Ismael Isaac dont la foule a repris en choeur un de ses tubes dans lequel il chante que \u00ab\u00a0la vie est merveilleuse dans une cour (int\u00e9rieure avec plusieurs maisons) quand le chef de famille est bon\u00a0\u00bb, raconte le d\u00e9put\u00e9 de Yopougon Zi\u00e9 Daouda Coulibaly. \u00ab\u00a0C\u2019est comme la C\u00f4te d\u2019Ivoire, dit-il, Ouattara est un bon chef de cour\u00a0\u00bb.<\/p>\n<\/div>\n<p>Auteur: AFP<br \/>\n<a href=\"https:\/\/www.journalducameroun.com\/cote-divoire-ouattara-se-pose-en-heritier-dhouphouet-avant-la-presidentielle-de-2020\/\">Cliquez ici pour lire l&rsquo;article depuis sa source.<\/a><\/p>\n","protected":false},"excerpt":{"rendered":"<p>Publi\u00e9 le 07.12.2019 \u00e0 20h50 par AFP Se positionnant en \u00ab\u00a0unique\u00a0\u00bb h\u00e9ritier du pr\u00e9sident ivoirien d\u00e9funt F\u00e9lix Houphouet-Boigny, le pr\u00e9sident Alassane Ouattara a rassembl\u00e9 samedi des dizaines de milliers de partisans \u00e0 Yamoussoukro o\u00f9 il a une nouvelle fois entretenu le myst\u00e8re sur sa candidature \u00e0 un troisi\u00e8me mandat pour la pr\u00e9sidentielle de 2020. Officiellement [&hellip;]<\/p>\n","protected":false},"author":1965,"featured_media":0,"comment_status":"closed","ping_status":"closed","sticky":false,"template":"","format":"standard","meta":{"fifu_image_url":"","fifu_image_alt":"","footnotes":""},"categories":[73,82],"tags":[],"class_list":["post-69600","post","type-post","status-publish","format-standard","hentry","category-actualite","category-cameroun"],"_links":{"self":[{"href":"https:\/\/linitiative.ca\/International\/wp-json\/wp\/v2\/posts\/69600","targetHints":{"allow":["GET"]}}],"collection":[{"href":"https:\/\/linitiative.ca\/International\/wp-json\/wp\/v2\/posts"}],"about":[{"href":"https:\/\/linitiative.ca\/International\/wp-json\/wp\/v2\/types\/post"}],"author":[{"embeddable":true,"href":"https:\/\/linitiative.ca\/International\/wp-json\/wp\/v2\/users\/1965"}],"replies":[{"embeddable":true,"href":"https:\/\/linitiative.ca\/International\/wp-json\/wp\/v2\/comments?post=69600"}],"version-history":[{"count":0,"href":"https:\/\/linitiative.ca\/International\/wp-json\/wp\/v2\/posts\/69600\/revisions"}],"wp:attachment":[{"href":"https:\/\/linitiative.ca\/International\/wp-json\/wp\/v2\/media?parent=69600"}],"wp:term":[{"taxonomy":"category","embeddable":true,"href":"https:\/\/linitiative.ca\/International\/wp-json\/wp\/v2\/categories?post=69600"},{"taxonomy":"post_tag","embeddable":true,"href":"https:\/\/linitiative.ca\/International\/wp-json\/wp\/v2\/tags?post=69600"}],"curies":[{"name":"wp","href":"https:\/\/api.w.org\/{rel}","templated":true}]}}