{"id":69611,"date":"2019-12-07T18:35:03","date_gmt":"2019-12-07T23:35:03","guid":{"rendered":"https:\/\/linitiative.ca\/International\/botola-pro-d1-victoire-du-rapide-oued-zem-face-a-locs\/"},"modified":"2019-12-07T18:35:03","modified_gmt":"2019-12-07T23:35:03","slug":"botola-pro-d1-victoire-du-rapide-oued-zem-face-a-locs","status":"publish","type":"post","link":"https:\/\/linitiative.ca\/International\/botola-pro-d1-victoire-du-rapide-oued-zem-face-a-locs\/","title":{"rendered":"Botola Pro D1: Victoire du Rapide Oued Zem face \u00e0 l\u2019OCS"},"content":{"rendered":"<div class=\"single-featured\"><img alt=\"\" data-src=\"http:\/\/www.mapmarrakech.ma\/map\/uploads\/2019\/12\/matchocstunis-copier-1.jpg\"\/><\/div>\n<div class=\"single-post-excerpt post-excerpt-bc\" readability=\"36\">\n<p>Oued Zem \u2013 Le Rapide Oued Zem (RCOZ) s\u2019est offert la victoire \u00e0 domicile face \u00e0 l\u2019Olympic club de Safi (3-1), en match comptant pour la neuvi\u00e8me journ\u00e9e, disput\u00e9 samedi soir au stade municipal de Oued Zem.<\/p>\n<\/div>\n<div class=\"entry-content clearfix single-post-content\" readability=\"51\">\n<p>Les locaux ont ouvert le score \u00e0 la 38\u00e8 minute sur un but de Brahim El Bahraoui avant que Mohamed Ouattara n\u2019\u00e9galise pour les Safiots \u00e0 deux minutes de la pause.<\/p>\n<p>De retour des vestiaires El Bahraoui a doubl\u00e9 la mise (60\u00e8) pour le club de Oued Zem avant que Rachid Abouzhar ne scelle le score en fin de la rencontre en inscrivant le troisi\u00e8me but.<\/p>\n<p>Au terme de la rencontre, le RCOZ se hisse \u00e0 la onzi\u00e8me position du classement avec 7 points ex aequo avec le Raja de Casablanca, de l\u2019Olympique Khouribga et du Youssoufia de Berrechid. Pour sa part, l\u2019OCS stagne \u00e0 la neuvi\u00e8me place avec 8 points ex aequo avec la Renaissance de Zemamra.<\/p>\n<p>Plus t\u00f4t dans la journ\u00e9e, le Fath Union Sport de Rabat s\u2019est impos\u00e9 \u00e0 domicile sur le plus petit des scores (1-0) face au Moghreb de T\u00e9touan toujours leader du classement malgr\u00e9 la d\u00e9faite, au terme d\u2019un match comptant pour la m\u00eame journ\u00e9e, disput\u00e9 au stade Prince H\u00e9ritier Moulay El Hassan \u00e0 Rabat.<\/p>\n<\/div>\n<p>Auteur: Meriem IGASS<br \/>\n<a href=\"http:\/\/www.mapmarrakech.ma\/fr\/bahraoui\/\">Cliquez ici pour lire l&rsquo;article depuis sa source.<\/a><\/p>\n","protected":false},"excerpt":{"rendered":"<p>Oued Zem \u2013 Le Rapide Oued Zem (RCOZ) s\u2019est offert la victoire \u00e0 domicile face \u00e0 l\u2019Olympic club de Safi (3-1), en match comptant pour la neuvi\u00e8me journ\u00e9e, disput\u00e9 samedi soir au stade municipal de Oued Zem. Les locaux ont ouvert le score \u00e0 la 38\u00e8 minute sur un but de Brahim El Bahraoui avant [&hellip;]<\/p>\n","protected":false},"author":1788,"featured_media":69612,"comment_status":"closed","ping_status":"closed","sticky":false,"template":"","format":"standard","meta":{"fifu_image_url":"","fifu_image_alt":"","footnotes":""},"categories":[54,76],"tags":[],"class_list":["post-69611","post","type-post","status-publish","format-standard","has-post-thumbnail","hentry","category-maroc","category-regions"],"_links":{"self":[{"href":"https:\/\/linitiative.ca\/International\/wp-json\/wp\/v2\/posts\/69611","targetHints":{"allow":["GET"]}}],"collection":[{"href":"https:\/\/linitiative.ca\/International\/wp-json\/wp\/v2\/posts"}],"about":[{"href":"https:\/\/linitiative.ca\/International\/wp-json\/wp\/v2\/types\/post"}],"author":[{"embeddable":true,"href":"https:\/\/linitiative.ca\/International\/wp-json\/wp\/v2\/users\/1788"}],"replies":[{"embeddable":true,"href":"https:\/\/linitiative.ca\/International\/wp-json\/wp\/v2\/comments?post=69611"}],"version-history":[{"count":0,"href":"https:\/\/linitiative.ca\/International\/wp-json\/wp\/v2\/posts\/69611\/revisions"}],"wp:featuredmedia":[{"embeddable":true,"href":"https:\/\/linitiative.ca\/International\/wp-json\/"}],"wp:attachment":[{"href":"https:\/\/linitiative.ca\/International\/wp-json\/wp\/v2\/media?parent=69611"}],"wp:term":[{"taxonomy":"category","embeddable":true,"href":"https:\/\/linitiative.ca\/International\/wp-json\/wp\/v2\/categories?post=69611"},{"taxonomy":"post_tag","embeddable":true,"href":"https:\/\/linitiative.ca\/International\/wp-json\/wp\/v2\/tags?post=69611"}],"curies":[{"name":"wp","href":"https:\/\/api.w.org\/{rel}","templated":true}]}}