{"id":69613,"date":"2019-12-07T19:18:27","date_gmt":"2019-12-08T00:18:27","guid":{"rendered":"https:\/\/linitiative.ca\/International\/focus-sur-leau-dans-lamenagement-des-territoires-de-marrakech-safi\/"},"modified":"2019-12-07T19:18:27","modified_gmt":"2019-12-08T00:18:27","slug":"focus-sur-leau-dans-lamenagement-des-territoires-de-marrakech-safi","status":"publish","type":"post","link":"https:\/\/linitiative.ca\/International\/focus-sur-leau-dans-lamenagement-des-territoires-de-marrakech-safi\/","title":{"rendered":"Focus sur l\u2019eau dans l\u2019am\u00e9nagement des territoires de Marrakech-Safi"},"content":{"rendered":"<div readability=\"35\">\n<p>Marrakech \u2013 L\u2019eau dans l\u2019am\u00e9nagement des territoires de Marrakech-Safi a \u00e9t\u00e9 au c\u0153ur des d\u00e9bats \u00e0 l\u2019occasion d\u2019un symposium international tenu, samedi, dans la cit\u00e9 ocre.<\/p>\n<\/div>\n<div readability=\"137\">\n<p>Initi\u00e9 par l\u2019Ecole Nationale d\u2019Architecture de Marrakech (ENAM), en partenariat avec la Maison de l\u2019Elu de la R\u00e9gion de Marrakech-Safi, ce symposium se veut un espace pour r\u00e9unir un large ensemble d\u2019\u00e9tablissements nationaux ainsi que plusieurs acteurs associatifs et acad\u00e9miques \u00e0 l\u2019\u00e9chelle nationale et internationale afin d\u2019\u00e9changer les exp\u00e9riences et les expertises li\u00e9es \u00e0 la question de l\u2019eau.<\/p>\n<p>Cette Rencontre scientifique offre aussi l\u2019occasion d\u2019impliquer les \u00e9tudiants-architectes dans diff\u00e9rentes activit\u00e9s, qui s\u2019ins\u00e8rent en parall\u00e8le \u00e0 leur cursus et au programme p\u00e9dagogique de leur formation, afin de les sensibiliser \u00e0 plusieurs th\u00e9matiques soci\u00e9tales qui interf\u00e8rent avec l\u2019architecture.<\/p>\n<p>Le choix de la question d\u2019eau comme th\u00e9matique centrale pour ce symposium n\u2019est pas fortuit, mais constitue l\u2019une des r\u00e9ponses choisies par l\u2019ENAM pour montrer son int\u00e9r\u00eat et son implication active dans le chantier ambitieux de la D\u00e9claration r\u00e9gionale de Marrakech pour l\u2019Eau, sign\u00e9e en janvier 2018.<\/p>\n<p>Cette manifestation d\u00e9coule \u00e9galement du souci de l\u2019ENAM d\u2019accompagner la mise en \u0153uvre des axes de la strat\u00e9gie du minist\u00e8re de l\u2019Am\u00e9nagement du Territoire national, de l\u2019Urbanisme, de l\u2019Habitat et de la Politique de la Ville, portant sur la valorisation du patrimoine architectural et paysager, l\u2019encouragement des cultures constructives \u00e9cologiques et des pratiques \u00e9co-responsables, ainsi que la promotion de l\u2019enseignement de la transition \u00e9cologique dans les projets d\u2019architecture et de paysage.<\/p>\n<p>Elle donnera ainsi lieu \u00e0 plusieurs rencontres-scientifiques qui mettront en lumi\u00e8re diff\u00e9rentes th\u00e9matiques li\u00e9es \u00e0 l\u2019eau d\u2019un point de vue particulier, au sein d\u2019une th\u00e9matique environnementale plus large.<\/p>\n<p>Elle vise aussi \u00e0 accompagner la Rencontre r\u00e9gionale sur les orientations de l\u2019Am\u00e9nagement du territoire et \u00e0 participer au d\u00e9veloppement de l\u2019\u00e9tude en cours de lancement sur les itin\u00e9raires culturels et spirituels de la r\u00e9gion de Marrakech-Safi.<\/p>\n<p>Dans une d\u00e9claration \u00e0 la MAP \u00e0 cette occasion, le Directeur de l\u2019ENAM, Abdelghani Ta\u00efbi, a fait savoir que ce symposium, qui fait partie d\u2019une s\u00e9rie d\u2019\u00e9v\u00e9nements que l\u2019Ecole organise sur les th\u00e9matiques de la durabilit\u00e9, de l\u2019habitat et de l\u2019am\u00e9nagement du territoire, s\u2019inscrit dans le cadre la manifestation \u00ab\u00a0Al Mi\u2019m\u00e2r 5\u00a0\u00bb, pr\u00e9vue en mars prochain.<\/p>\n<p>\u00ab\u00a0Notre apport aujourd\u2019hui est de d\u00e9terminer s\u2019il y a des impacts entre les secteurs de l\u2019am\u00e9nagement du territoire, de l\u2019habitat et de la politique de la ville et les questions li\u00e9es \u00e0 l\u2019eau, surtout avec le stress hydrique que conna\u00eet le Maroc, qui doit tous nous pr\u00e9occuper et nous interpeller\u00a0\u00bb, a-t-il indiqu\u00e9.<\/p>\n<p>Ce symposium vise aussi \u00e0 ce que les \u00e9tudiants, en tant qu\u2019architectes de demain, soient pleinement sensibilis\u00e9s \u00e0 ces questions qui rel\u00e8vent du respect de l\u2019environnement et de l\u2019Homme, a-t-il poursuivi.<\/p>\n<p>M. Ta\u00efbi a, dans la foul\u00e9e, soulign\u00e9 l\u2019importance de la dimension de l\u2019eau, en ce sens qu\u2019elle est interpell\u00e9e \u00e0 plusieurs \u00e9chelles au niveau du territoire lors de la r\u00e9alisation des projets d\u2019infrastructures.<\/p>\n<p>\u00ab\u00a0Nous avons un potentiel et un h\u00e9ritage hydrique que nous devrions pr\u00e9server pour les g\u00e9n\u00e9rations futures, d\u2019o\u00f9 l\u2019imp\u00e9ratif \u00e0 chaque fois d\u2019agir sur l\u2019espace et le territoire, d\u2019attirer l\u2019attention sur cette probl\u00e9matique qui doit \u00eatre prise en compte et de rappeler que cette dimension de l\u2019eau est d\u2019une extr\u00eame importance pour le d\u00e9veloppement durable\u00a0\u00bb, a-t-il soutenu.<\/p>\n<p>Pour leur part, les diff\u00e9rentes intervenants lors de la s\u00e9ance d\u2019ouverture, dont des repr\u00e9sentants du minist\u00e8re de tutelle et du conseil de la r\u00e9gion, ont mis en relief l\u2019importance de cette th\u00e9matique d\u2019actualit\u00e9, surtout que la r\u00e9gion de Marrakech-Safi fait face \u00e0 cette probl\u00e9matique dans la mesure o\u00f9 sa nappe phr\u00e9atique diminue de plus en plus.<\/p>\n<p>Relevant que l\u2019eau est \u00e0 l\u2019origine du fondement et de la constitution des agglom\u00e9rations et repr\u00e9sente un \u00e9l\u00e9ment structurant et fondamental, voire vital dans l\u2019organisation de l\u2019espace et du territoire, ils ont not\u00e9 qu\u2019il ne peut y avoir de v\u00e9ritable am\u00e9nagement du territoire sans une vision pour l\u2019optimisation et la gestion des ressources en eau. C\u2019est l\u00e0 o\u00f9 se manifeste ce lien fort entre eau et am\u00e9nagement du territoire, ont-ils fait observer.<\/p>\n<p>Ce symposium a \u00e9t\u00e9 ponctu\u00e9 d\u2019une s\u00e9rie d\u2019expos\u00e9s traitant de sujets portant sur la \u00ab\u00a0Situation et enjeux au Maroc\u00a0\u00bb, \u00ab\u00a0La strat\u00e9gie de l\u2019eau dans la r\u00e9gion de Marrakech-Safi\u00a0\u00bb, la \u00ab\u00a0Cit\u00e9-Jardin de Marrakech : faire conna\u00eetre une tradition s\u00e9culaire\u00a0\u00bb et \u00ab\u00a0L\u2019int\u00e9gration de l\u2019eau dans les projets de paysage : retour d\u2019exp\u00e9rience sur des exemples internationaux\u00a0\u00bb ainsi que d\u2019une table ronde autour de \u00ab\u00a0l\u2019eau dans les territoires urbains et ruraux\u00a0\u00bb.<\/p>\n<\/div>\n<p>Auteur: Meriem IGASS<br \/>\n<a href=\"http:\/\/www.mapmarrakech.ma\/fr\/focus-sur-leau-dans-lamenagement-des-territoires-de-marrakech-safi\/\">Cliquez ici pour lire l&rsquo;article depuis sa source.<\/a><\/p>\n","protected":false},"excerpt":{"rendered":"<p>Marrakech \u2013 L\u2019eau dans l\u2019am\u00e9nagement des territoires de Marrakech-Safi a \u00e9t\u00e9 au c\u0153ur des d\u00e9bats \u00e0 l\u2019occasion d\u2019un symposium international tenu, samedi, dans la cit\u00e9 ocre. Initi\u00e9 par l\u2019Ecole Nationale d\u2019Architecture de Marrakech (ENAM), en partenariat avec la Maison de l\u2019Elu de la R\u00e9gion de Marrakech-Safi, ce symposium se veut un espace pour r\u00e9unir un [&hellip;]<\/p>\n","protected":false},"author":1788,"featured_media":0,"comment_status":"closed","ping_status":"closed","sticky":false,"template":"","format":"standard","meta":{"fifu_image_url":"","fifu_image_alt":"","footnotes":""},"categories":[54,76],"tags":[],"class_list":["post-69613","post","type-post","status-publish","format-standard","hentry","category-maroc","category-regions"],"_links":{"self":[{"href":"https:\/\/linitiative.ca\/International\/wp-json\/wp\/v2\/posts\/69613","targetHints":{"allow":["GET"]}}],"collection":[{"href":"https:\/\/linitiative.ca\/International\/wp-json\/wp\/v2\/posts"}],"about":[{"href":"https:\/\/linitiative.ca\/International\/wp-json\/wp\/v2\/types\/post"}],"author":[{"embeddable":true,"href":"https:\/\/linitiative.ca\/International\/wp-json\/wp\/v2\/users\/1788"}],"replies":[{"embeddable":true,"href":"https:\/\/linitiative.ca\/International\/wp-json\/wp\/v2\/comments?post=69613"}],"version-history":[{"count":0,"href":"https:\/\/linitiative.ca\/International\/wp-json\/wp\/v2\/posts\/69613\/revisions"}],"wp:attachment":[{"href":"https:\/\/linitiative.ca\/International\/wp-json\/wp\/v2\/media?parent=69613"}],"wp:term":[{"taxonomy":"category","embeddable":true,"href":"https:\/\/linitiative.ca\/International\/wp-json\/wp\/v2\/categories?post=69613"},{"taxonomy":"post_tag","embeddable":true,"href":"https:\/\/linitiative.ca\/International\/wp-json\/wp\/v2\/tags?post=69613"}],"curies":[{"name":"wp","href":"https:\/\/api.w.org\/{rel}","templated":true}]}}