{"id":69614,"date":"2019-12-08T08:05:32","date_gmt":"2019-12-08T13:05:32","guid":{"rendered":"https:\/\/linitiative.ca\/International\/vernissage-de-lexposition-itinerante-sediments-de-voyage\/"},"modified":"2019-12-08T08:05:32","modified_gmt":"2019-12-08T13:05:32","slug":"vernissage-de-lexposition-itinerante-sediments-de-voyage","status":"publish","type":"post","link":"https:\/\/linitiative.ca\/International\/vernissage-de-lexposition-itinerante-sediments-de-voyage\/","title":{"rendered":"Vernissage de l\u2019exposition itin\u00e9rante \u00ab\u00a0S\u00e9diments de voyage\u00a0\u00bb"},"content":{"rendered":"<p>Organis\u00e9e par l\u2019Office National des A\u00e9roports (ONDA) en partenariat avec \u00ab\u00a0Fl\u2019\u00e2me Art Gallery\u00a0\u00bb, cette exposition collective co\u00efncide avec la c\u00e9l\u00e9bration, le 7 d\u00e9cembre de chaque ann\u00e9e, de la Journ\u00e9e internationale de l\u2019Aviation civile, \u00e9tablie en 1994 dans le cadre des activit\u00e9s marquant le 50\u00e8 anniversaire de l\u2019Organisation de l\u2019Aviation Civile Internationale (OACI).<\/p>\n<p>Conscient que les a\u00e9roports du Royaume sont une v\u00e9ritable vitrine du patrimoine culturel et artistique, l\u2019ONDA a ainsi d\u00e9cid\u00e9 d\u2019organiser en partenariat avec \u00ab\u00a0Fl\u2019\u00e2me Art Gallery\u00a0\u00bb deux expositions artistiques itin\u00e9rantes, en alternance, du 5 d\u00e9cembre 2019 au 5 juin 2020.<\/p>\n<p>La premi\u00e8re exposition, qui est collective, r\u00e9unit neuf artistes sous le th\u00e8me \u00ab\u00a0S\u00e9diments de voyage\u00a0\u00bb et se d\u00e9roule \u00e0 l\u2019a\u00e9roport Marrakech-Menara, alors que l\u2019a\u00e9roport Rabat-Sal\u00e9 abrite une autre exposition de l\u2019artiste Noureddine Fathy sous le th\u00e8me \u00ab\u00a0Air et D\u00e9sirs\u00a0\u00bb.<\/p>\n<p>L\u2019exposition \u00ab\u00a0S\u00e9diments de voyage\u00a0\u00bb se poursuivra jusqu\u2019au 04 mars 2020 dans l\u2019a\u00e9roport de la cit\u00e9 ocre avant de faire escale \u00e0 l\u2019a\u00e9roport Rabat-Sal\u00e9 du 05 mars au 05 juin 2020. Quant \u00e0 l\u2019exposition \u00ab\u00a0Air et D\u00e9sirs\u00a0\u00bb, elle se d\u00e9roulera \u00e0 l\u2019a\u00e9roport de la capitale jusqu\u2019au 04 mars 2020, avant de faire le voyage vers l\u2019a\u00e9roport Marrakech-Menara o\u00f9 elle se tiendra du 05 mars au 05 juin 2020.<\/p>\n<p>Ces deux expositions rassemblent plusieurs courants picturaux et d\u00e9montrent de mani\u00e8re expressive la cr\u00e9ativit\u00e9 et la dynamique de la sc\u00e8ne plastique marocaine dans une forme de voyage int\u00e9rieur immobile, o\u00f9 l\u2019esprit et l\u2019imaginaire s\u2019insurgent contre le corps et s\u2019\u00e9rigent en explorateurs de ce que proposent les fronti\u00e8res travers\u00e9es virtuellement.<\/p>\n<p>Ainsi, les artistes Rajae Atlassi, Nabil Bahya, Rachid Bakhouz, Abdelhadi Benbella, Abdelkarim Elazhar, Brahim Elhaissan, Chafik Ezzouguari, Noureddine Fathy et Hafid Marbou, \u00e0 travers leur exposition \u00ab\u00a0S\u00e9diments de voyage\u00a0\u00bb, et l\u2019artiste Noureddine Fathy, \u00e0 travers son exposition individuelle \u00ab\u00a0Air et D\u00e9sirs\u00a0\u00bb, invitent les passagers \u00e0 d\u00e9couvrir et admirer plus de 80 oeuvres d\u2019art de tendances et de sensibilit\u00e9s riches et diff\u00e9renci\u00e9es qui ornent leur circuit \u00e0 l\u2019a\u00e9roport.<\/p>\n<p>Une convergence d\u2019artistes \u00e0 l\u2019image du Maroc d\u2019aujourd\u2019hui et de la nouvelle g\u00e9n\u00e9ration d\u2019a\u00e9roports marocains o\u00f9 tradition et modernit\u00e9 se r\u00e9pondent et se compl\u00e8tent, tout en favorisant la rencontre du public voyageur avec l\u2019art et la culture.<\/p>\n<p>Ces expositions ont fait l\u2019objet de catalogues qui r\u00e9unissent l\u2019ensemble des oeuvres pr\u00e9sent\u00e9es ainsi que le parcours des artistes participant \u00e0 cette exp\u00e9rience exceptionnelle.<\/p>\n<p>Pour l\u2019ONDA, \u00ab\u00a0Nos a\u00e9roports se veulent des espaces de vie o\u00f9 nous oeuvrons continuellement \u00e0 offrir, outre les diff\u00e9rents services garantissant le confort et le bien-\u00eatre, une exp\u00e9rience passagers enrichie par l\u2019expression artistique int\u00e9gr\u00e9e dans le circuit des voyageurs, le tout pour rendre les moments d\u2019attente des plus agr\u00e9ables\u00a0\u00bb.<\/p>\n<p>Dans une d\u00e9claration \u00e0 la MAP \u00e0 cette occasion, la Directrice de l\u2019A\u00e9roport Marrakech-Menara, Mme Nawal Mounir a pr\u00e9cis\u00e9 que cette manifestation artistique, organis\u00e9e \u00e0 l\u2019occasion de la c\u00e9l\u00e9bration de la Journ\u00e9e internationale de l\u2019Aviation civile, offre aux voyageurs l\u2019occasion de d\u00e9couvrir et d\u2019appr\u00e9cier plus de 80 oeuvres d\u2019artistes marocains repr\u00e9sentant diff\u00e9rents courants et diverses \u00e9coles d\u2019arts plastiques.<\/p>\n<p>A travers ce genre d\u2019initiatives, l\u2019ONDA vise \u00e0 exploiter les espaces \u00e0 l\u2019int\u00e9rieur des a\u00e9roports pour mettre en exergue la richesse de la culture, des traditions et du patrimoine marocain authentique ainsi que la dynamique et l\u2019effervescence que conna\u00eet la sc\u00e8ne artistique et plastique nationale, a expliqu\u00e9 Mme Mounir, ajoutant qu\u2019\u00e0 travers cette action, l\u2019Office ambitionne de \u00ab\u00a0conf\u00e9rer un nouveau concept au voyage\u00a0\u00bb.<\/p>\n<p>Abondant dans le m\u00eame sens, Mohamed Sebti, co-fondateur et co-directeur artistique de \u00ab\u00a0Fl\u2019\u00e2me Art Gallery\u00a0\u00bb, a not\u00e9, dans une d\u00e9claration similaire, que cette exposition collective, qui se tient dans l\u2019enceinte de l\u2019a\u00e9roport Marrakech-Menara, r\u00e9unit neuf artistes repr\u00e9sentant diff\u00e9rents univers et courants artistiques avec un seul fil conducteur et une coh\u00e9rence d\u2019ensemble autour de la th\u00e9matique du voyage.<\/p>\n<p>\u00ab\u00a0Cette manifestation artistique exceptionnelle permet au public voyageur de d\u00e9couvrir, d\u2019appr\u00e9cier et d\u2019avoir une id\u00e9e dans un espace ouvert sur ce qui se passe sur la sc\u00e8ne artistique et plastique contemporaine marocaine, sans avoir \u00e0 se rendre sp\u00e9cifiquement dans des lieux classiques comme les galeries d\u2019art\u00a0\u00bb, a-t-il expliqu\u00e9.<\/p>\n<p>Pour sa part, l\u2019artiste-plasticien et critique d\u2019art, Chafik Ezzouguari, s\u2019est f\u00e9licit\u00e9 de l\u2019organisation de cette exposition collective ayant r\u00e9uni des artistes peintres issus de diff\u00e9rentes \u00e9coles artistiques autour d\u2019une m\u00eame th\u00e9matique et selon la vision de chacun d\u2019entre eux par rapport au voyage.<\/p>\n<p>Et d\u2019ajouter que chaque artiste a oeuvr\u00e9, \u00e0 travers son style et sa mani\u00e8re, \u00e0 se rapprocher de ce contexte et, partant, \u00e0 refl\u00e9ter l\u2019image de la peinture contemporaine marocaine avec ses diff\u00e9rents styles et ses diverses dimensions.<\/p>\n<p>L\u2019ONDA, \u00e9tablissement public qui a pour mission, entre autres, le d\u00e9veloppement et la gestion des a\u00e9roports, s\u2019est engag\u00e9 depuis quelques ann\u00e9es dans une d\u00e9marche culturelle qui se d\u00e9ploie, peu \u00e0 peu, dans les plus grands a\u00e9roports du Royaume.<\/p>\n<p>Cette d\u00e9marche vise le rayonnement culturel et artistique du Maroc (expositions th\u00e9matiques ou non, oeuvres d\u2019art plastique, sculptures\u2026).<\/p>\n<p>Les a\u00e9roports offrent ainsi un superbe espace de visibilit\u00e9 qui met en relation directement le public voyageur avec l\u2019art et la culture.<\/p>\n<p>A noter que \u00ab\u00a0Fl\u2019\u00e2me Art Gallery\u00a0\u00bb est une galerie itin\u00e9rante d\u2019art moderne et contemporain qui accompagne des artistes confirm\u00e9s qui adh\u00e8rent \u00e0 ses valeurs, et s\u2019engage \u00e0 promouvoir une g\u00e9n\u00e9ration de jeunes artistes \u00e9mergents et \u00e0 haut potentiel.<\/p>\n<p>Forte d\u2019une collaboration avec une vingtaine d\u2019artistes et de partenariats avec des institutions de renom, \u00ab\u00a0Fl\u2019\u00e2me Art Gallery\u00a0\u00bb con\u00e7oit et organise, au Maroc et \u00e0 l\u2019\u00e9tranger, des expositions individuelles et th\u00e9matiques collectives.<\/p>\n<p>Ax\u00e9s sur le d\u00e9veloppement durable et la responsabilit\u00e9 sociale et environnementale, les sujets de ces expositions font sens et permettent de refl\u00e9ter fid\u00e8lement l\u2019engagement et l\u2019action sp\u00e9cifique de ses partenaires.<\/p>\n<p>Auteur: Meriem IGASS<br \/>\n<a href=\"http:\/\/www.mapmarrakech.ma\/fr\/exposition\/\">Cliquez ici pour lire l&rsquo;article depuis sa source.<\/a><\/p>\n","protected":false},"excerpt":{"rendered":"<p>Organis\u00e9e par l\u2019Office National des A\u00e9roports (ONDA) en partenariat avec \u00ab\u00a0Fl\u2019\u00e2me Art Gallery\u00a0\u00bb, cette exposition collective co\u00efncide avec la c\u00e9l\u00e9bration, le 7 d\u00e9cembre de chaque ann\u00e9e, de la Journ\u00e9e internationale de l\u2019Aviation civile, \u00e9tablie en 1994 dans le cadre des activit\u00e9s marquant le 50\u00e8 anniversaire de l\u2019Organisation de l\u2019Aviation Civile Internationale (OACI). Conscient que les [&hellip;]<\/p>\n","protected":false},"author":1788,"featured_media":0,"comment_status":"closed","ping_status":"closed","sticky":false,"template":"","format":"standard","meta":{"fifu_image_url":"","fifu_image_alt":"","footnotes":""},"categories":[54,76],"tags":[],"class_list":["post-69614","post","type-post","status-publish","format-standard","hentry","category-maroc","category-regions"],"_links":{"self":[{"href":"https:\/\/linitiative.ca\/International\/wp-json\/wp\/v2\/posts\/69614","targetHints":{"allow":["GET"]}}],"collection":[{"href":"https:\/\/linitiative.ca\/International\/wp-json\/wp\/v2\/posts"}],"about":[{"href":"https:\/\/linitiative.ca\/International\/wp-json\/wp\/v2\/types\/post"}],"author":[{"embeddable":true,"href":"https:\/\/linitiative.ca\/International\/wp-json\/wp\/v2\/users\/1788"}],"replies":[{"embeddable":true,"href":"https:\/\/linitiative.ca\/International\/wp-json\/wp\/v2\/comments?post=69614"}],"version-history":[{"count":0,"href":"https:\/\/linitiative.ca\/International\/wp-json\/wp\/v2\/posts\/69614\/revisions"}],"wp:attachment":[{"href":"https:\/\/linitiative.ca\/International\/wp-json\/wp\/v2\/media?parent=69614"}],"wp:term":[{"taxonomy":"category","embeddable":true,"href":"https:\/\/linitiative.ca\/International\/wp-json\/wp\/v2\/categories?post=69614"},{"taxonomy":"post_tag","embeddable":true,"href":"https:\/\/linitiative.ca\/International\/wp-json\/wp\/v2\/tags?post=69614"}],"curies":[{"name":"wp","href":"https:\/\/api.w.org\/{rel}","templated":true}]}}