{"id":69615,"date":"2019-12-08T08:23:22","date_gmt":"2019-12-08T13:23:22","guid":{"rendered":"https:\/\/linitiative.ca\/International\/arrestation-a-marrakech-dun-individu-pour-vol-qualifie\/"},"modified":"2019-12-08T08:23:22","modified_gmt":"2019-12-08T13:23:22","slug":"arrestation-a-marrakech-dun-individu-pour-vol-qualifie","status":"publish","type":"post","link":"https:\/\/linitiative.ca\/International\/arrestation-a-marrakech-dun-individu-pour-vol-qualifie\/","title":{"rendered":"Arrestation \u00e0 Marrakech d\u2019un individu pour vol qualifi\u00e9"},"content":{"rendered":"<div>\n<div style=\"margin-bottom:20px;\"><img loading=\"lazy\" decoding=\"async\" width=\"750\" height=\"430\" src=\"http:\/\/www.mapmarrakech.ma\/map\/uploads\/2019\/12\/arrestation-copier.jpg\" class=\"attachment-post-thumbnail size-post-thumbnail wp-post-image\" alt=\"\" srcset=\"http:\/\/www.mapmarrakech.ma\/map\/uploads\/2019\/12\/arrestation-copier.jpg 750w, http:\/\/www.mapmarrakech.ma\/map\/uploads\/2019\/12\/arrestation-copier-300x172.jpg 300w\" sizes=\"auto, (max-width: 750px) 100vw, 750px\"><\/div>\n<p>Cette arrestation est intervenue apr\u00e8s que les services du District de police de Gueliz-Medina ont interagi avec c\u00e9l\u00e9rit\u00e9 et efficience suite \u00e0 une plainte re\u00e7ue par le 7\u00e8me arrondissement de police durant la nuit du 4 au 5 d\u00e9cembre \u00e0 propos d\u2019un vol qualifi\u00e9 avec coups et blessures graves, ayant entra\u00een\u00e9 une infirmit\u00e9 permanente, selon une source s\u00e9curitaire.<\/p>\n<p>L\u2019enqu\u00eate et les investigations men\u00e9es dans le cadre de cette affaire ont permis d\u2019identifier le mis en cause qui s\u2019est av\u00e9r\u00e9 aux multiples ant\u00e9c\u00e9dents judiciaires pour vol, a pr\u00e9cis\u00e9 la m\u00eame source.<\/p>\n<p>Et de poursuivre que les \u00e9l\u00e9ments dudit arrondissement de police ont mis sous surveillance plusieurs endroits fr\u00e9quent\u00e9s par le pr\u00e9venu, ce qui leur a permis de l\u2019interpeller, vendredi matin, alors qu\u2019il venait de prendre comme refuge une maison abandonn\u00e9e au quartier de Taloujt.<\/p>\n<p>Le mis en cause a reconnu les faits qui lui sont reproch\u00e9s, a fait savoir la m\u00eame source, relevant que la perquisition l\u00e9gale effectu\u00e9e au domicile du pr\u00e9venu, sous la supervision du Parquet g\u00e9n\u00e9ral comp\u00e9tent, s\u2019est sold\u00e9e notamment par la saisie d\u2019un coutelas et de deux cha\u00eenes de fer, outre un marteau de fer que l\u2019accus\u00e9 avait en sa possession au moment du vol.<\/p>\n<p>Le mis en cause a \u00e9t\u00e9 plac\u00e9 en garde \u00e0 vue pour les besoins de l\u2019enqu\u00eate avant d\u2019\u00eatre d\u00e9f\u00e9r\u00e9 devant la justice, conclut-on de m\u00eame source.<\/p>\n<p>The post <a rel=\"nofollow\" href=\"http:\/\/www.mapmarrakech.ma\/fr\/marrakech\/\">Arrestation \u00e0 Marrakech d\u2019un individu pour vol qualifi\u00e9<\/a> appeared first on <a rel=\"nofollow\" href=\"http:\/\/www.mapmarrakech.ma\/fr\">MapMarrakech<\/a>.<\/p>\n<\/div>\n<p>Auteur: Meriem IGASS<br \/>\n<a href=\"http:\/\/www.mapmarrakech.ma\/fr\/marrakech\/\">Cliquez ici pour lire l&rsquo;article depuis sa source.<\/a><\/p>\n","protected":false},"excerpt":{"rendered":"<p>Cette arrestation est intervenue apr\u00e8s que les services du District de police de Gueliz-Medina ont interagi avec c\u00e9l\u00e9rit\u00e9 et efficience suite \u00e0 une plainte re\u00e7ue par le 7\u00e8me arrondissement de police durant la nuit du 4 au 5 d\u00e9cembre \u00e0 propos d\u2019un vol qualifi\u00e9 avec coups et blessures graves, ayant entra\u00een\u00e9 une infirmit\u00e9 permanente, selon [&hellip;]<\/p>\n","protected":false},"author":1788,"featured_media":69616,"comment_status":"closed","ping_status":"closed","sticky":false,"template":"","format":"standard","meta":{"fifu_image_url":"","fifu_image_alt":"","footnotes":""},"categories":[54,76],"tags":[],"class_list":["post-69615","post","type-post","status-publish","format-standard","has-post-thumbnail","hentry","category-maroc","category-regions"],"_links":{"self":[{"href":"https:\/\/linitiative.ca\/International\/wp-json\/wp\/v2\/posts\/69615","targetHints":{"allow":["GET"]}}],"collection":[{"href":"https:\/\/linitiative.ca\/International\/wp-json\/wp\/v2\/posts"}],"about":[{"href":"https:\/\/linitiative.ca\/International\/wp-json\/wp\/v2\/types\/post"}],"author":[{"embeddable":true,"href":"https:\/\/linitiative.ca\/International\/wp-json\/wp\/v2\/users\/1788"}],"replies":[{"embeddable":true,"href":"https:\/\/linitiative.ca\/International\/wp-json\/wp\/v2\/comments?post=69615"}],"version-history":[{"count":0,"href":"https:\/\/linitiative.ca\/International\/wp-json\/wp\/v2\/posts\/69615\/revisions"}],"wp:featuredmedia":[{"embeddable":true,"href":"https:\/\/linitiative.ca\/International\/wp-json\/"}],"wp:attachment":[{"href":"https:\/\/linitiative.ca\/International\/wp-json\/wp\/v2\/media?parent=69615"}],"wp:term":[{"taxonomy":"category","embeddable":true,"href":"https:\/\/linitiative.ca\/International\/wp-json\/wp\/v2\/categories?post=69615"},{"taxonomy":"post_tag","embeddable":true,"href":"https:\/\/linitiative.ca\/International\/wp-json\/wp\/v2\/tags?post=69615"}],"curies":[{"name":"wp","href":"https:\/\/api.w.org\/{rel}","templated":true}]}}