{"id":69618,"date":"2019-12-08T11:02:36","date_gmt":"2019-12-08T16:02:36","guid":{"rendered":"https:\/\/linitiative.ca\/International\/djelfa-mise-en-service-dun-nouveau-siege-pour-le-credit-populaire-algerien\/"},"modified":"2019-12-08T11:02:36","modified_gmt":"2019-12-08T16:02:36","slug":"djelfa-mise-en-service-dun-nouveau-siege-pour-le-credit-populaire-algerien","status":"publish","type":"post","link":"https:\/\/linitiative.ca\/International\/djelfa-mise-en-service-dun-nouveau-siege-pour-le-credit-populaire-algerien\/","title":{"rendered":"Djelfa: mise en service d\u2019un nouveau si\u00e8ge pour le Cr\u00e9dit populaire alg\u00e9rien"},"content":{"rendered":"<div readability=\"35\">\n<p><strong>DJELFA &#8211; Un nouveau si\u00e8ge pour l\u2019agence du Cr\u00e9dit populaire alg\u00e9rien (CPA) de Djelfa a \u00e9t\u00e9 mis en exploitation dimanche, au titre des efforts de modernisation des prestations de cette institution bancaire.<\/strong><\/p>\n<\/div>\n<div readability=\"72.6704761905\">\n<p>La c\u00e9r\u00e9monie d\u2019ouverture de cette nouvelle agence, dont le si\u00e8ge \u00e0 \u00e9t\u00e9 transf\u00e9r\u00e9 vers de nouveaux locaux mitoyens \u00e0 l\u2019ancien si\u00e8ge, situ\u00e9 au centre ville, a \u00e9t\u00e9 pr\u00e9sid\u00e9e par le directeur central, charg\u00e9 du r\u00e9seau aupr\u00e8s du CPA, Hammadi Belkhiri.<\/p>\n<p>Dans une d\u00e9claration \u00e0 la presse, \u00e0 cette occasion, M. Hammadi a signal\u00e9 un renforcement futur de la wilaya de Djelfa, par un autre si\u00e8ge du CPA, dont le \u00ab\u00a0plan architectural est d\u00e9j\u00e0 finalis\u00e9 alors que le chantier est programm\u00e9 au lancement en 2020\u00a0\u00bb, a-t-il indiqu\u00e9.<\/p>\n<hr\/>\n<h3>Lire aussi:\u00a0<a href=\"http:\/\/www.aps.dz\/economie\/97842-banques-publiques-application-du-programme-de-reforme-prochainement\" target=\"_blank\" rel=\"noopener noreferrer\">Banques publiques: application du programme de r\u00e9forme prochainement<\/a><\/h3>\n<hr\/>\n<blockquote readability=\"11\">\n<p><em><strong>\u00ab\u00a0Une autre agence de cette m\u00eame banque est, \u00e9galement, pr\u00e9vue au profit de la commune de Messa\u00e0d (\u00e0 75 km au sud de Djelfa), au titre du programme d\u2019extension de son r\u00e9seau et du rapprochement de ses prestations des citoyens de la r\u00e9gion\u00a0\u00bb, a-t-il par ailleurs ajout\u00e9.<\/strong><\/em><\/p>\n<\/blockquote>\n<p>Le responsable a r\u00e9it\u00e9r\u00e9, par la m\u00eame, la strat\u00e9gie du CPA (2020\/2024) visant, a-t-il dit, la \u00a0\u00bb num\u00e9risation du secteur et la promotion des prestations fournies aux citoyens avec la proposition de nouvelles offres et produits relatifs, entre autres, \u00e0 la carte magn\u00e9tique et aux cr\u00e9dits accord\u00e9s \u00e0 ses clients, susceptibles\u00a0\u00bb, selon lui, de \u00ab\u00a0contribuer au d\u00e9veloppement national\u00a0\u00bb, a-t-il estim\u00e9.<\/p>\n<p>De nombreux clients pr\u00e9sents, sur place, se sont f\u00e9licit\u00e9s de l\u2019ouverture de ce nouveau si\u00e8ge bancaire, du reste fort bien accueillie par les cadres et travailleurs locaux du CPA, heureux de voir leurs conditions de travail am\u00e9lior\u00e9es, a-t-on constat\u00e9.<\/p>\n<\/div>\n<p>Auteur:<br \/>\n<a href=\"http:\/\/www.aps.dz\/regions\/98650-djelfa-mise-en-service-d-un-nouveau-siege-pour-le-credit-populaire-algerien\">Cliquez ici pour lire l&rsquo;article depuis sa source.<\/a><\/p>\n","protected":false},"excerpt":{"rendered":"<p>DJELFA &#8211; Un nouveau si\u00e8ge pour l\u2019agence du Cr\u00e9dit populaire alg\u00e9rien (CPA) de Djelfa a \u00e9t\u00e9 mis en exploitation dimanche, au titre des efforts de modernisation des prestations de cette institution bancaire. La c\u00e9r\u00e9monie d\u2019ouverture de cette nouvelle agence, dont le si\u00e8ge \u00e0 \u00e9t\u00e9 transf\u00e9r\u00e9 vers de nouveaux locaux mitoyens \u00e0 l\u2019ancien si\u00e8ge, situ\u00e9 au [&hellip;]<\/p>\n","protected":false},"author":1790,"featured_media":0,"comment_status":"closed","ping_status":"closed","sticky":false,"template":"","format":"standard","meta":{"fifu_image_url":"","fifu_image_alt":"","footnotes":""},"categories":[53,76],"tags":[],"class_list":["post-69618","post","type-post","status-publish","format-standard","hentry","category-algerie","category-regions"],"_links":{"self":[{"href":"https:\/\/linitiative.ca\/International\/wp-json\/wp\/v2\/posts\/69618","targetHints":{"allow":["GET"]}}],"collection":[{"href":"https:\/\/linitiative.ca\/International\/wp-json\/wp\/v2\/posts"}],"about":[{"href":"https:\/\/linitiative.ca\/International\/wp-json\/wp\/v2\/types\/post"}],"author":[{"embeddable":true,"href":"https:\/\/linitiative.ca\/International\/wp-json\/wp\/v2\/users\/1790"}],"replies":[{"embeddable":true,"href":"https:\/\/linitiative.ca\/International\/wp-json\/wp\/v2\/comments?post=69618"}],"version-history":[{"count":0,"href":"https:\/\/linitiative.ca\/International\/wp-json\/wp\/v2\/posts\/69618\/revisions"}],"wp:attachment":[{"href":"https:\/\/linitiative.ca\/International\/wp-json\/wp\/v2\/media?parent=69618"}],"wp:term":[{"taxonomy":"category","embeddable":true,"href":"https:\/\/linitiative.ca\/International\/wp-json\/wp\/v2\/categories?post=69618"},{"taxonomy":"post_tag","embeddable":true,"href":"https:\/\/linitiative.ca\/International\/wp-json\/wp\/v2\/tags?post=69618"}],"curies":[{"name":"wp","href":"https:\/\/api.w.org\/{rel}","templated":true}]}}