{"id":69621,"date":"2019-12-08T13:15:16","date_gmt":"2019-12-08T18:15:16","guid":{"rendered":"https:\/\/linitiative.ca\/International\/mostaganem-marche-populaire-de-soutien-a-lelection-presidentielle-et-a-lanp\/"},"modified":"2019-12-08T13:15:16","modified_gmt":"2019-12-08T18:15:16","slug":"mostaganem-marche-populaire-de-soutien-a-lelection-presidentielle-et-a-lanp","status":"publish","type":"post","link":"https:\/\/linitiative.ca\/International\/mostaganem-marche-populaire-de-soutien-a-lelection-presidentielle-et-a-lanp\/","title":{"rendered":"Mostaganem: marche populaire de soutien \u00e0 l\u2019\u00e9lection pr\u00e9sidentielle et \u00e0 l\u2019ANP"},"content":{"rendered":"<p><span class=\"sp-nh-title\">Dernier jour de campagne: les candidats r\u00e9it\u00e8rent l&rsquo;importance d&rsquo;aller aux urnes<\/span> &#8211; <span class=\"sp-nh-date\">dimanche 8 d\u00e9cembre 2019 20:05<\/span><\/p>\n<p><span class=\"sp-nh-title\">Belaid: toute manipulation des voix des citoyens est une manipulation du devenir du pays<\/span> &#8211; <span class=\"sp-nh-date\">dimanche 8 d\u00e9cembre 2019 20:04<\/span><\/p>\n<p><span class=\"sp-nh-title\">Hadj: les inscriptions pour le tirage au sort d\u00e9buteront mercredi 11 d\u00e9cembre<\/span> &#8211; <span class=\"sp-nh-date\">dimanche 8 d\u00e9cembre 2019 19:59<\/span><\/p>\n<p><span class=\"sp-nh-title\">Arkab: l&rsquo;exercice par Sonatrach de son droit de pr\u00e9emption sur les actifs d&rsquo;Anadarko, une op\u00e9ration purement \u00e9conomique<\/span> &#8211; <span class=\"sp-nh-date\">dimanche 8 d\u00e9cembre 2019 19:36<\/span><\/p>\n<p><span class=\"sp-nh-title\">Vote de la communaut\u00e9 nationale \u00e0 l&rsquo;\u00e9tranger: taux de participation acceptable<\/span> &#8211; <span class=\"sp-nh-date\">dimanche 8 d\u00e9cembre 2019 19:32<\/span><\/p>\n<p><span class=\"sp-nh-title\">APN: examen des amendements propos\u00e9s au projet de loi relatif au Conseil national de la Recherche scientifique<\/span> &#8211; <span class=\"sp-nh-date\">dimanche 8 d\u00e9cembre 2019 19:31<\/span><\/p>\n<p><span class=\"sp-nh-title\">APN: reprise des travaux lundi par le vote de six projets de loi<\/span> &#8211; <span class=\"sp-nh-date\">dimanche 8 d\u00e9cembre 2019 19:28<\/span><\/p>\n<p><span class=\"sp-nh-title\">APN: le contenu du projet de loi relatif \u00e0 l&rsquo;organisation territoriale salu\u00e9<\/span> &#8211; <span class=\"sp-nh-date\">dimanche 8 d\u00e9cembre 2019 19:16<\/span><\/p>\n<p><span class=\"sp-nh-title\">Mostaganem: marche populaire de soutien \u00e0 l\u2019\u00e9lection pr\u00e9sidentielle et \u00e0 l\u2019ANP<\/span> &#8211; <span class=\"sp-nh-date\">dimanche 8 d\u00e9cembre 2019 19:15<\/span><\/p>\n<p><span class=\"sp-nh-title\">Le nouveau P\/APC de Sidi Bel-Abb\u00e8s install\u00e9 dans ses fonctions<\/span> &#8211; <span class=\"sp-nh-date\">dimanche 8 d\u00e9cembre 2019 19:14<\/span><\/p>\n<p><span class=\"sp-nh-title\">Le proc\u00e8s de l\u2019ex-pr\u00e9sident de l&rsquo;ESS Hassan Hammar pr\u00e9vu le 24 d\u00e9cembre<\/span> &#8211; <span class=\"sp-nh-date\">dimanche 8 d\u00e9cembre 2019 19:08<\/span><\/p>\n<p><span class=\"sp-nh-title\">Khatini, une nouvelle \u0153uvre du th\u00e9\u00e2tre r\u00e9gional de Mostaganem<\/span> &#8211; <span class=\"sp-nh-date\">dimanche 8 d\u00e9cembre 2019 19:03<\/span><\/p>\n<p><span class=\"sp-nh-title\">OPEP: l&rsquo;application des baisses suppl\u00e9mentaires sans incidence sur les ressources de l&rsquo;Alg\u00e9rie<\/span> &#8211; <span class=\"sp-nh-date\">dimanche 8 d\u00e9cembre 2019 18:56<\/span><\/p>\n<p><span class=\"sp-nh-title\">N\u00e9cessaire d\u00e9veloppement du contenu num\u00e9rique afin de contrer les risques pour la famille<\/span> &#8211; <span class=\"sp-nh-date\">dimanche 8 d\u00e9cembre 2019 18:52<\/span><\/p>\n<p><span class=\"sp-nh-title\">Pr\u00e9sidentielle: cl\u00f4ture de la campagne \u00e9lectorale des candidats dimanche \u00e0 minuit<\/span> &#8211; <span class=\"sp-nh-date\">dimanche 8 d\u00e9cembre 2019 18:48<\/span><\/p>\n<p><span class=\"sp-nh-title\">Les candidats \u00e0 la pr\u00e9sidentielle tenus d&rsquo;observer le silence \u00e9lectoral \u00e0 partir de lundi<\/span> &#8211; <span class=\"sp-nh-date\">dimanche 8 d\u00e9cembre 2019 18:48<\/span><\/p>\n<p><span class=\"sp-nh-title\">Poursuite du proc\u00e8s d&rsquo;anciens responsables et hommes d&rsquo;affaires impliqu\u00e9s dans des affaires de corruption<\/span> &#8211; <span class=\"sp-nh-date\">dimanche 8 d\u00e9cembre 2019 18:44<\/span><\/p>\n<p><span class=\"sp-nh-title\">Bensalah re\u00e7oit le pr\u00e9sident de l&rsquo;Assembl\u00e9e populaire nationale<\/span> &#8211; <span class=\"sp-nh-date\">dimanche 8 d\u00e9cembre 2019 18:41<\/span><\/p>\n<p><span class=\"sp-nh-title\">Gr\u00e8ve g\u00e9n\u00e9rale: aucun \u00e9cho dans le pays en dehors de quelques wilayas<\/span> &#8211; <span class=\"sp-nh-date\">dimanche 8 d\u00e9cembre 2019 18:31<\/span><\/p>\n<p><span class=\"sp-nh-title\">Vers une extension du r\u00e9seau d\u2019accompagnement technique des \u00e9leveurs de vaches laiti\u00e8res<\/span> &#8211; <span class=\"sp-nh-date\">dimanche 8 d\u00e9cembre 2019 18:24<\/span><\/p>\n<p>Auteur:<br \/>\n<a href=\"http:\/\/www.aps.dz\/regions\/98668-mostaganem-marche-populaire-de-soutien-a-l-election-presidentielle-et-a-l-anp\">Cliquez ici pour lire l&rsquo;article depuis sa source.<\/a><\/p>\n","protected":false},"excerpt":{"rendered":"<p>Dernier jour de campagne: les candidats r\u00e9it\u00e8rent l&rsquo;importance d&rsquo;aller aux urnes &#8211; dimanche 8 d\u00e9cembre 2019 20:05 Belaid: toute manipulation des voix des citoyens est une manipulation du devenir du pays &#8211; dimanche 8 d\u00e9cembre 2019 20:04 Hadj: les inscriptions pour le tirage au sort d\u00e9buteront mercredi 11 d\u00e9cembre &#8211; dimanche 8 d\u00e9cembre 2019 19:59 [&hellip;]<\/p>\n","protected":false},"author":1790,"featured_media":0,"comment_status":"closed","ping_status":"closed","sticky":false,"template":"","format":"standard","meta":{"fifu_image_url":"","fifu_image_alt":"","footnotes":""},"categories":[53,76],"tags":[],"class_list":["post-69621","post","type-post","status-publish","format-standard","hentry","category-algerie","category-regions"],"_links":{"self":[{"href":"https:\/\/linitiative.ca\/International\/wp-json\/wp\/v2\/posts\/69621","targetHints":{"allow":["GET"]}}],"collection":[{"href":"https:\/\/linitiative.ca\/International\/wp-json\/wp\/v2\/posts"}],"about":[{"href":"https:\/\/linitiative.ca\/International\/wp-json\/wp\/v2\/types\/post"}],"author":[{"embeddable":true,"href":"https:\/\/linitiative.ca\/International\/wp-json\/wp\/v2\/users\/1790"}],"replies":[{"embeddable":true,"href":"https:\/\/linitiative.ca\/International\/wp-json\/wp\/v2\/comments?post=69621"}],"version-history":[{"count":0,"href":"https:\/\/linitiative.ca\/International\/wp-json\/wp\/v2\/posts\/69621\/revisions"}],"wp:attachment":[{"href":"https:\/\/linitiative.ca\/International\/wp-json\/wp\/v2\/media?parent=69621"}],"wp:term":[{"taxonomy":"category","embeddable":true,"href":"https:\/\/linitiative.ca\/International\/wp-json\/wp\/v2\/categories?post=69621"},{"taxonomy":"post_tag","embeddable":true,"href":"https:\/\/linitiative.ca\/International\/wp-json\/wp\/v2\/tags?post=69621"}],"curies":[{"name":"wp","href":"https:\/\/api.w.org\/{rel}","templated":true}]}}