{"id":69622,"date":"2019-12-07T15:52:41","date_gmt":"2019-12-07T20:52:41","guid":{"rendered":"https:\/\/linitiative.ca\/International\/fso-abrite-un-colloque-international-sur-les-bioressources\/"},"modified":"2019-12-07T15:52:41","modified_gmt":"2019-12-07T20:52:41","slug":"fso-abrite-un-colloque-international-sur-les-bioressources","status":"publish","type":"post","link":"https:\/\/linitiative.ca\/International\/fso-abrite-un-colloque-international-sur-les-bioressources\/","title":{"rendered":"FSO abrite un colloque international sur les bioressources"},"content":{"rendered":"<p class=\"c4\">La Facult\u00e9 des sciences relevant de l\u2019Universit\u00e9 Mohammed Premier (UMP) d\u2019Oujda organise, du 18 au 20 d\u00e9cembre courant, la 1\u00e8re \u00e9dition du Colloque sur les bioressources, les biotechnologies et le d\u00e9veloppement durable.<\/p>\n<p class=\"c4\">L\u2019objectif de ce colloque est de cr\u00e9er un espace de rencontre entre les chercheurs, les d\u00e9cideurs, les agriculteurs et les industriels, pour d\u00e9battre des atouts et des contraintes de d\u00e9veloppement de l\u2019agriculture par le biais des biotechnologies, indiquent les organisateurs sur le site web de l\u2019UMP.<\/p>\n<p class=\"c4\">Selon une note de pr\u00e9sentation de cet \u00e9v\u00e8nement, les biotechnologies constituent un outil de choix pour assurer un d\u00e9veloppement durable de ce secteur dynamique de l\u2019\u00e9conomie marocaine au niveau national et r\u00e9gional, qui contribue au PIB \u00e0 hauteur de 15% et g\u00e9n\u00e8re 40% des emplois.<\/p>\n<p class=\"c4\">En effet, des solutions biotechnologiques, optimis\u00e9es et adapt\u00e9es aux conditions de chaque r\u00e9gion, permettront de donner une valeur ajout\u00e9e aux produits agricoles, tout en assurant la protection du consommateur et de l\u2019environnement.<\/p>\n<p class=\"c4\">L\u2019objectif de ce colloque est de cr\u00e9er un espace de rencontre entre les chercheurs, les d\u00e9cideurs, les agriculteurs et les industriels, pour d\u00e9battre des atouts et des contraintes de d\u00e9veloppement de l\u2019agriculture par le biais des biotechnologies. Des cas particuliers en relation avec la r\u00e9gion de l\u2019Oriental seront discut\u00e9s, afin de contribuer \u00e0 une meilleure valorisation des produits agricoles de la r\u00e9gion aux niveaux national et international.<\/p>\n<p class=\"c4\">Le colloque vise aussi \u00e0 discuter l\u2019int\u00e9r\u00eat de la mise en place \u00e0 l\u2019universit\u00e9 de formations professionnelles courtes, sous forme de bloc de comp\u00e9tences ouvertes aux salari\u00e9s du secteur agroalimentaire, aux demandeurs d\u2019emploi et aux \u00e9tudiants.<\/p>\n<p>Auteur: Soufiane ELAHMAR<br \/>\n<a href=\"http:\/\/www.mapoujda.ma\/fr\/bientot-le-1er-colloque-international-sur-les-bioressources\/\">Cliquez ici pour lire l&rsquo;article depuis sa source.<\/a><\/p>\n","protected":false},"excerpt":{"rendered":"<p>La Facult\u00e9 des sciences relevant de l\u2019Universit\u00e9 Mohammed Premier (UMP) d\u2019Oujda organise, du 18 au 20 d\u00e9cembre courant, la 1\u00e8re \u00e9dition du Colloque sur les bioressources, les biotechnologies et le d\u00e9veloppement durable. L\u2019objectif de ce colloque est de cr\u00e9er un espace de rencontre entre les chercheurs, les d\u00e9cideurs, les agriculteurs et les industriels, pour d\u00e9battre [&hellip;]<\/p>\n","protected":false},"author":1788,"featured_media":0,"comment_status":"closed","ping_status":"closed","sticky":false,"template":"","format":"standard","meta":{"fifu_image_url":"","fifu_image_alt":"","footnotes":""},"categories":[54,76],"tags":[],"class_list":["post-69622","post","type-post","status-publish","format-standard","hentry","category-maroc","category-regions"],"_links":{"self":[{"href":"https:\/\/linitiative.ca\/International\/wp-json\/wp\/v2\/posts\/69622","targetHints":{"allow":["GET"]}}],"collection":[{"href":"https:\/\/linitiative.ca\/International\/wp-json\/wp\/v2\/posts"}],"about":[{"href":"https:\/\/linitiative.ca\/International\/wp-json\/wp\/v2\/types\/post"}],"author":[{"embeddable":true,"href":"https:\/\/linitiative.ca\/International\/wp-json\/wp\/v2\/users\/1788"}],"replies":[{"embeddable":true,"href":"https:\/\/linitiative.ca\/International\/wp-json\/wp\/v2\/comments?post=69622"}],"version-history":[{"count":0,"href":"https:\/\/linitiative.ca\/International\/wp-json\/wp\/v2\/posts\/69622\/revisions"}],"wp:attachment":[{"href":"https:\/\/linitiative.ca\/International\/wp-json\/wp\/v2\/media?parent=69622"}],"wp:term":[{"taxonomy":"category","embeddable":true,"href":"https:\/\/linitiative.ca\/International\/wp-json\/wp\/v2\/categories?post=69622"},{"taxonomy":"post_tag","embeddable":true,"href":"https:\/\/linitiative.ca\/International\/wp-json\/wp\/v2\/tags?post=69622"}],"curies":[{"name":"wp","href":"https:\/\/api.w.org\/{rel}","templated":true}]}}