{"id":69625,"date":"2019-12-08T14:54:15","date_gmt":"2019-12-08T19:54:15","guid":{"rendered":"https:\/\/linitiative.ca\/International\/un-abattement-de-60-pour-les-retraites\/"},"modified":"2019-12-08T14:54:15","modified_gmt":"2019-12-08T19:54:15","slug":"un-abattement-de-60-pour-les-retraites","status":"publish","type":"post","link":"https:\/\/linitiative.ca\/International\/un-abattement-de-60-pour-les-retraites\/","title":{"rendered":"Un abattement de 60% pour les retrait\u00e9s"},"content":{"rendered":"<p class=\"rtejustify\">Les pensions de retraite qui ne d\u00e9passent pas 168.000 DH par an pourraient b\u00e9n\u00e9ficier d&rsquo;un abattement de 60% au lieu de 55% actuellement. La Commission des finances \u00e0 la Chambre des conseillers a \u00e9galement valid\u00e9 l&rsquo;exon\u00e9ration des pensions d&rsquo;invalidit\u00e9 de l&rsquo;imp\u00f4t<em>.<\/em><\/p>\n<p class=\"rtejustify\"><em>K.M.<\/em><\/p>\n<p>Auteur: hlafriqi<br \/>\n<a href=\"https:\/\/www.leconomiste.com\/article\/1054161-un-abattement-de-60-pour-les-retraites\">Cliquez ici pour lire l&rsquo;article depuis sa source.<\/a><\/p>\n","protected":false},"excerpt":{"rendered":"<p>Les pensions de retraite qui ne d\u00e9passent pas 168.000 DH par an pourraient b\u00e9n\u00e9ficier d&rsquo;un abattement de 60% au lieu de 55% actuellement. La Commission des finances \u00e0 la Chambre des conseillers a \u00e9galement valid\u00e9 l&rsquo;exon\u00e9ration des pensions d&rsquo;invalidit\u00e9 de l&rsquo;imp\u00f4t. K.M. Auteur: hlafriqi Cliquez ici pour lire l&rsquo;article depuis sa source.<\/p>\n","protected":false},"author":1763,"featured_media":0,"comment_status":"closed","ping_status":"closed","sticky":false,"template":"","format":"standard","meta":{"fifu_image_url":"","fifu_image_alt":"","footnotes":""},"categories":[78,54],"tags":[],"class_list":["post-69625","post","type-post","status-publish","format-standard","hentry","category-economie","category-maroc"],"_links":{"self":[{"href":"https:\/\/linitiative.ca\/International\/wp-json\/wp\/v2\/posts\/69625","targetHints":{"allow":["GET"]}}],"collection":[{"href":"https:\/\/linitiative.ca\/International\/wp-json\/wp\/v2\/posts"}],"about":[{"href":"https:\/\/linitiative.ca\/International\/wp-json\/wp\/v2\/types\/post"}],"author":[{"embeddable":true,"href":"https:\/\/linitiative.ca\/International\/wp-json\/wp\/v2\/users\/1763"}],"replies":[{"embeddable":true,"href":"https:\/\/linitiative.ca\/International\/wp-json\/wp\/v2\/comments?post=69625"}],"version-history":[{"count":0,"href":"https:\/\/linitiative.ca\/International\/wp-json\/wp\/v2\/posts\/69625\/revisions"}],"wp:attachment":[{"href":"https:\/\/linitiative.ca\/International\/wp-json\/wp\/v2\/media?parent=69625"}],"wp:term":[{"taxonomy":"category","embeddable":true,"href":"https:\/\/linitiative.ca\/International\/wp-json\/wp\/v2\/categories?post=69625"},{"taxonomy":"post_tag","embeddable":true,"href":"https:\/\/linitiative.ca\/International\/wp-json\/wp\/v2\/tags?post=69625"}],"curies":[{"name":"wp","href":"https:\/\/api.w.org\/{rel}","templated":true}]}}