{"id":69627,"date":"2019-12-08T15:14:04","date_gmt":"2019-12-08T20:14:04","guid":{"rendered":"https:\/\/linitiative.ca\/International\/pros-boudebouz-et-lasse-prennent-leau-contre-reims\/"},"modified":"2019-12-08T15:14:04","modified_gmt":"2019-12-08T20:14:04","slug":"pros-boudebouz-et-lasse-prennent-leau-contre-reims","status":"publish","type":"post","link":"https:\/\/linitiative.ca\/International\/pros-boudebouz-et-lasse-prennent-leau-contre-reims\/","title":{"rendered":"Pros : Boudebouz et l\u2019ASSE prennent l\u2019eau contre Reims"},"content":{"rendered":"<div readability=\"32\">\n<p>Auteur : <span>Riad O.<\/span> <span class=\"time\">dimanche 08 d\u00e9cembre 2019 18:49<\/span><\/p>\n<\/div>\n<div id=\"post_core\" readability=\"41\">\n<p>L\u2019AS Saint Etienne de Ryad Boudebouz s\u2019est inclin\u00e9e aujourd\u2019hui, sur le score de trois buts \u00e0 un contre la formation de Reims \u00e0 l\u2019occasion de la 17\u00e8me journ\u00e9e de la Ligue 1 Conforama. L\u2019ancien joueur de l\u2019EN a \u00e9t\u00e9 titularis\u00e9 lors de ce match avant de c\u00e9der sa place \u00e0 Hamouma \u00e0 la 53\u2019 de jeu : \u00abUne performance mitig\u00e9e pour le meneur de jeu de l&rsquo;AS Saint-Etienne. Avec le manque d&rsquo;inspiration de son \u00e9quipe, l&rsquo;ancien H\u00e9raultais n&rsquo;a pas vraiment eu les ballons pour briller et d\u00e9livrer des caviars. Cependant, il a tout de m\u00eame manqu\u00e9 d&rsquo;envie dans ses tentatives avec une certaine nonchalance.\u00bb a comment\u00e9 le site, Maxifoot la prestation de Boudebouz.<\/p>\n<p><strong>Publi\u00e9 dans :<\/strong> <span>boudebouz<\/span> <span>ASSE<\/span><\/p>\n<\/div>\n<p>Auteur:<br \/>\n<a href=\"http:\/\/www.lebuteur.com\/article\/detail?titre=boudebouz-et-lasse-prennent-leau-contre-reims&#038;id=93449&#038;utm_source=feedburner&#038;utm_medium=feed&#038;utm_campaign=Feed%3A+GalerieFArtciles+%28Les+derniers+articles++-+lebuteur.com%29\">Cliquez ici pour lire l&rsquo;article depuis sa source.<\/a><\/p>\n","protected":false},"excerpt":{"rendered":"<p>Auteur : Riad O. dimanche 08 d\u00e9cembre 2019 18:49 L\u2019AS Saint Etienne de Ryad Boudebouz s\u2019est inclin\u00e9e aujourd\u2019hui, sur le score de trois buts \u00e0 un contre la formation de Reims \u00e0 l\u2019occasion de la 17\u00e8me journ\u00e9e de la Ligue 1 Conforama. L\u2019ancien joueur de l\u2019EN a \u00e9t\u00e9 titularis\u00e9 lors de ce match avant de [&hellip;]<\/p>\n","protected":false},"author":1738,"featured_media":69628,"comment_status":"closed","ping_status":"closed","sticky":false,"template":"","format":"standard","meta":{"fifu_image_url":"","fifu_image_alt":"","footnotes":""},"categories":[53,75],"tags":[],"class_list":["post-69627","post","type-post","status-publish","format-standard","has-post-thumbnail","hentry","category-algerie","category-sport"],"_links":{"self":[{"href":"https:\/\/linitiative.ca\/International\/wp-json\/wp\/v2\/posts\/69627","targetHints":{"allow":["GET"]}}],"collection":[{"href":"https:\/\/linitiative.ca\/International\/wp-json\/wp\/v2\/posts"}],"about":[{"href":"https:\/\/linitiative.ca\/International\/wp-json\/wp\/v2\/types\/post"}],"author":[{"embeddable":true,"href":"https:\/\/linitiative.ca\/International\/wp-json\/wp\/v2\/users\/1738"}],"replies":[{"embeddable":true,"href":"https:\/\/linitiative.ca\/International\/wp-json\/wp\/v2\/comments?post=69627"}],"version-history":[{"count":0,"href":"https:\/\/linitiative.ca\/International\/wp-json\/wp\/v2\/posts\/69627\/revisions"}],"wp:featuredmedia":[{"embeddable":true,"href":"https:\/\/linitiative.ca\/International\/wp-json\/"}],"wp:attachment":[{"href":"https:\/\/linitiative.ca\/International\/wp-json\/wp\/v2\/media?parent=69627"}],"wp:term":[{"taxonomy":"category","embeddable":true,"href":"https:\/\/linitiative.ca\/International\/wp-json\/wp\/v2\/categories?post=69627"},{"taxonomy":"post_tag","embeddable":true,"href":"https:\/\/linitiative.ca\/International\/wp-json\/wp\/v2\/tags?post=69627"}],"curies":[{"name":"wp","href":"https:\/\/api.w.org\/{rel}","templated":true}]}}