{"id":69629,"date":"2019-12-08T15:14:05","date_gmt":"2019-12-08T20:14:05","guid":{"rendered":"https:\/\/linitiative.ca\/International\/pros-mehdi-abeid-mon-ete-a-ete-charge-et-je-nai-pas-eu-beaucoup-de-repos\/"},"modified":"2019-12-08T15:14:05","modified_gmt":"2019-12-08T20:14:05","slug":"pros-mehdi-abeid-mon-ete-a-ete-charge-et-je-nai-pas-eu-beaucoup-de-repos","status":"publish","type":"post","link":"https:\/\/linitiative.ca\/International\/pros-mehdi-abeid-mon-ete-a-ete-charge-et-je-nai-pas-eu-beaucoup-de-repos\/","title":{"rendered":"Pros : Mehdi Abeid: \u00abMon \u00e9t\u00e9 a \u00e9t\u00e9 charg\u00e9 et je n\u2019ai pas eu beaucoup de repos\u00bb"},"content":{"rendered":"<div readability=\"32\">\n<p>Auteur : <span>Riad O.<\/span> <span class=\"time\">dimanche 08 d\u00e9cembre 2019 18:50<\/span><\/p>\n<\/div>\n<div id=\"post_core\" readability=\"44\">\n<p>Le joueur milieu de terrain Alg\u00e9rien du FC Nantes, Mehdi Abeid s\u2019est confi\u00e9 au m\u00e9dia fran\u00e7ais, Ouest-France. Le joueur de l\u2019EN a dress\u00e9 un premier bilan sur ses premiers mois avec le FC Nantes : \u00abJe pense avoir fait un bon d\u00e9but de saison. Puis c\u2019est devenu un peu plus difficile ensuite. Il y a eu l\u2019encha\u00eenement des matches en club et ceux de la s\u00e9lection cet \u00e9t\u00e9, lors de la CAN, aussi. Mon \u00e9t\u00e9 a \u00e9t\u00e9 charg\u00e9 et je n\u2019ai pas eu beaucoup de repos. Mais c\u2019est comme \u00e7a, quand on est international, on doit encha\u00eener. Peut-\u00eatre que j\u2019ai accus\u00e9 le coup, mais je me sens de mieux en mieux.\u00bb a-t-il d\u00e9clar\u00e9.<\/p>\n<p><strong>Publi\u00e9 dans :<\/strong> <span>mehdi abeid<\/span><\/p>\n<\/div>\n<p>Auteur:<br \/>\n<a href=\"http:\/\/www.lebuteur.com\/article\/detail?titre=mehdi-abeid-mon-ete-a-ete-charge-et-je-nai-pas-eu-beaucoup-de-repos&#038;id=93451&#038;utm_source=feedburner&#038;utm_medium=feed&#038;utm_campaign=Feed%3A+GalerieFArtciles+%28Les+derniers+articles++-+lebuteur.com%29\">Cliquez ici pour lire l&rsquo;article depuis sa source.<\/a><\/p>\n","protected":false},"excerpt":{"rendered":"<p>Auteur : Riad O. dimanche 08 d\u00e9cembre 2019 18:50 Le joueur milieu de terrain Alg\u00e9rien du FC Nantes, Mehdi Abeid s\u2019est confi\u00e9 au m\u00e9dia fran\u00e7ais, Ouest-France. Le joueur de l\u2019EN a dress\u00e9 un premier bilan sur ses premiers mois avec le FC Nantes : \u00abJe pense avoir fait un bon d\u00e9but de saison. Puis c\u2019est [&hellip;]<\/p>\n","protected":false},"author":1738,"featured_media":69630,"comment_status":"closed","ping_status":"closed","sticky":false,"template":"","format":"standard","meta":{"fifu_image_url":"","fifu_image_alt":"","footnotes":""},"categories":[53,75],"tags":[],"class_list":["post-69629","post","type-post","status-publish","format-standard","has-post-thumbnail","hentry","category-algerie","category-sport"],"_links":{"self":[{"href":"https:\/\/linitiative.ca\/International\/wp-json\/wp\/v2\/posts\/69629","targetHints":{"allow":["GET"]}}],"collection":[{"href":"https:\/\/linitiative.ca\/International\/wp-json\/wp\/v2\/posts"}],"about":[{"href":"https:\/\/linitiative.ca\/International\/wp-json\/wp\/v2\/types\/post"}],"author":[{"embeddable":true,"href":"https:\/\/linitiative.ca\/International\/wp-json\/wp\/v2\/users\/1738"}],"replies":[{"embeddable":true,"href":"https:\/\/linitiative.ca\/International\/wp-json\/wp\/v2\/comments?post=69629"}],"version-history":[{"count":0,"href":"https:\/\/linitiative.ca\/International\/wp-json\/wp\/v2\/posts\/69629\/revisions"}],"wp:featuredmedia":[{"embeddable":true,"href":"https:\/\/linitiative.ca\/International\/wp-json\/"}],"wp:attachment":[{"href":"https:\/\/linitiative.ca\/International\/wp-json\/wp\/v2\/media?parent=69629"}],"wp:term":[{"taxonomy":"category","embeddable":true,"href":"https:\/\/linitiative.ca\/International\/wp-json\/wp\/v2\/categories?post=69629"},{"taxonomy":"post_tag","embeddable":true,"href":"https:\/\/linitiative.ca\/International\/wp-json\/wp\/v2\/tags?post=69629"}],"curies":[{"name":"wp","href":"https:\/\/api.w.org\/{rel}","templated":true}]}}