{"id":69631,"date":"2019-12-08T15:14:07","date_gmt":"2019-12-08T20:14:07","guid":{"rendered":"https:\/\/linitiative.ca\/International\/pros-ghezzal-sincline-face-au-torino\/"},"modified":"2019-12-08T15:14:07","modified_gmt":"2019-12-08T20:14:07","slug":"pros-ghezzal-sincline-face-au-torino","status":"publish","type":"post","link":"https:\/\/linitiative.ca\/International\/pros-ghezzal-sincline-face-au-torino\/","title":{"rendered":"Pros : Ghezzal s\u2019incline face au Torino"},"content":{"rendered":"<div readability=\"32\">\n<p>Auteur : <span>Riad O.<\/span> <span class=\"time\">dimanche 08 d\u00e9cembre 2019 18:50<\/span><\/p>\n<\/div>\n<div id=\"post_core\" readability=\"39\">\n<p>Dans le cadre de la 15\u00e8me journ\u00e9e de la S\u00e9rie A, la Fiorentina de Rachid Ghezzal s\u2019est inclin\u00e9e cet apr\u00e8s-midi chez le Torino sur le score de deux buts \u00e0 un. Le joueur Alg\u00e9rien de Fiorentina a \u00e9t\u00e9 titularis\u00e9 lors de ce match.Il a, toutefois, \u00e9t\u00e9 remplac\u00e9 \u00e0 la 51\u2019 de jeu par son co\u00e9quipier, Sottil.<\/p>\n<p><strong>Publi\u00e9 dans :<\/strong> <span>ghezzal<\/span><\/p>\n<\/div>\n<p>Auteur:<br \/>\n<a href=\"http:\/\/www.lebuteur.com\/article\/detail?titre=ghezzal-sincline-face-au-torino&#038;id=93450&#038;utm_source=feedburner&#038;utm_medium=feed&#038;utm_campaign=Feed%3A+GalerieFArtciles+%28Les+derniers+articles++-+lebuteur.com%29\">Cliquez ici pour lire l&rsquo;article depuis sa source.<\/a><\/p>\n","protected":false},"excerpt":{"rendered":"<p>Auteur : Riad O. dimanche 08 d\u00e9cembre 2019 18:50 Dans le cadre de la 15\u00e8me journ\u00e9e de la S\u00e9rie A, la Fiorentina de Rachid Ghezzal s\u2019est inclin\u00e9e cet apr\u00e8s-midi chez le Torino sur le score de deux buts \u00e0 un. Le joueur Alg\u00e9rien de Fiorentina a \u00e9t\u00e9 titularis\u00e9 lors de ce match.Il a, toutefois, \u00e9t\u00e9 [&hellip;]<\/p>\n","protected":false},"author":1738,"featured_media":69632,"comment_status":"closed","ping_status":"closed","sticky":false,"template":"","format":"standard","meta":{"fifu_image_url":"","fifu_image_alt":"","footnotes":""},"categories":[53,75],"tags":[],"class_list":["post-69631","post","type-post","status-publish","format-standard","has-post-thumbnail","hentry","category-algerie","category-sport"],"_links":{"self":[{"href":"https:\/\/linitiative.ca\/International\/wp-json\/wp\/v2\/posts\/69631","targetHints":{"allow":["GET"]}}],"collection":[{"href":"https:\/\/linitiative.ca\/International\/wp-json\/wp\/v2\/posts"}],"about":[{"href":"https:\/\/linitiative.ca\/International\/wp-json\/wp\/v2\/types\/post"}],"author":[{"embeddable":true,"href":"https:\/\/linitiative.ca\/International\/wp-json\/wp\/v2\/users\/1738"}],"replies":[{"embeddable":true,"href":"https:\/\/linitiative.ca\/International\/wp-json\/wp\/v2\/comments?post=69631"}],"version-history":[{"count":0,"href":"https:\/\/linitiative.ca\/International\/wp-json\/wp\/v2\/posts\/69631\/revisions"}],"wp:featuredmedia":[{"embeddable":true,"href":"https:\/\/linitiative.ca\/International\/wp-json\/"}],"wp:attachment":[{"href":"https:\/\/linitiative.ca\/International\/wp-json\/wp\/v2\/media?parent=69631"}],"wp:term":[{"taxonomy":"category","embeddable":true,"href":"https:\/\/linitiative.ca\/International\/wp-json\/wp\/v2\/categories?post=69631"},{"taxonomy":"post_tag","embeddable":true,"href":"https:\/\/linitiative.ca\/International\/wp-json\/wp\/v2\/tags?post=69631"}],"curies":[{"name":"wp","href":"https:\/\/api.w.org\/{rel}","templated":true}]}}