{"id":69633,"date":"2019-12-08T15:14:09","date_gmt":"2019-12-08T20:14:09","guid":{"rendered":"https:\/\/linitiative.ca\/International\/equipe-dalgerie-le-trophee-de-la-can-sera-exhibe-ce-soir-au-velodrome\/"},"modified":"2019-12-08T15:14:09","modified_gmt":"2019-12-08T20:14:09","slug":"equipe-dalgerie-le-trophee-de-la-can-sera-exhibe-ce-soir-au-velodrome","status":"publish","type":"post","link":"https:\/\/linitiative.ca\/International\/equipe-dalgerie-le-trophee-de-la-can-sera-exhibe-ce-soir-au-velodrome\/","title":{"rendered":"Equipe d&rsquo;Alg\u00e9rie : Le troph\u00e9e de la CAN sera exhib\u00e9 ce soir au V\u00e9lodrome"},"content":{"rendered":"<div readability=\"32\">\n<p>Auteur : <span>Riad O.<\/span> <span class=\"time\">dimanche 08 d\u00e9cembre 2019 18:51<\/span><\/p>\n<\/div>\n<div id=\"post_core\" readability=\"40\">\n<p>Le troph\u00e9e de la CAN, remport\u00e9 par les Verts l\u2019\u00e9t\u00e9 dernier en Egypte, sera pr\u00e9sent au stade du V\u00e9lodrome avant la rencontre de ce soir entre l\u2019OM et les Girondins de bordeaux. Le troph\u00e9e sera exhib\u00e9 au stade marseillais. Le s\u00e9lectionneur national, Djamel Belmadi donnera, pour sa part, le coup d\u2019envoi de ce match comptant pour la 17\u00e8me journ\u00e9e de la Ligue 1 Conforama.<\/p>\n<p><strong>Publi\u00e9 dans :<\/strong> <span>can<\/span><\/p>\n<\/div>\n<p>Auteur:<br \/>\n<a href=\"http:\/\/www.lebuteur.com\/article\/detail?titre=le-trophee-de-la-can-sera-exhibe-ce-soir-au-velodrome&#038;id=93452&#038;utm_source=feedburner&#038;utm_medium=feed&#038;utm_campaign=Feed%3A+GalerieFArtciles+%28Les+derniers+articles++-+lebuteur.com%29\">Cliquez ici pour lire l&rsquo;article depuis sa source.<\/a><\/p>\n","protected":false},"excerpt":{"rendered":"<p>Auteur : Riad O. dimanche 08 d\u00e9cembre 2019 18:51 Le troph\u00e9e de la CAN, remport\u00e9 par les Verts l\u2019\u00e9t\u00e9 dernier en Egypte, sera pr\u00e9sent au stade du V\u00e9lodrome avant la rencontre de ce soir entre l\u2019OM et les Girondins de bordeaux. Le troph\u00e9e sera exhib\u00e9 au stade marseillais. Le s\u00e9lectionneur national, Djamel Belmadi donnera, pour [&hellip;]<\/p>\n","protected":false},"author":1738,"featured_media":69634,"comment_status":"closed","ping_status":"closed","sticky":false,"template":"","format":"standard","meta":{"fifu_image_url":"","fifu_image_alt":"","footnotes":""},"categories":[53,75],"tags":[],"class_list":["post-69633","post","type-post","status-publish","format-standard","has-post-thumbnail","hentry","category-algerie","category-sport"],"_links":{"self":[{"href":"https:\/\/linitiative.ca\/International\/wp-json\/wp\/v2\/posts\/69633","targetHints":{"allow":["GET"]}}],"collection":[{"href":"https:\/\/linitiative.ca\/International\/wp-json\/wp\/v2\/posts"}],"about":[{"href":"https:\/\/linitiative.ca\/International\/wp-json\/wp\/v2\/types\/post"}],"author":[{"embeddable":true,"href":"https:\/\/linitiative.ca\/International\/wp-json\/wp\/v2\/users\/1738"}],"replies":[{"embeddable":true,"href":"https:\/\/linitiative.ca\/International\/wp-json\/wp\/v2\/comments?post=69633"}],"version-history":[{"count":0,"href":"https:\/\/linitiative.ca\/International\/wp-json\/wp\/v2\/posts\/69633\/revisions"}],"wp:featuredmedia":[{"embeddable":true,"href":"https:\/\/linitiative.ca\/International\/wp-json\/"}],"wp:attachment":[{"href":"https:\/\/linitiative.ca\/International\/wp-json\/wp\/v2\/media?parent=69633"}],"wp:term":[{"taxonomy":"category","embeddable":true,"href":"https:\/\/linitiative.ca\/International\/wp-json\/wp\/v2\/categories?post=69633"},{"taxonomy":"post_tag","embeddable":true,"href":"https:\/\/linitiative.ca\/International\/wp-json\/wp\/v2\/tags?post=69633"}],"curies":[{"name":"wp","href":"https:\/\/api.w.org\/{rel}","templated":true}]}}