{"id":69635,"date":"2019-12-08T15:14:10","date_gmt":"2019-12-08T20:14:10","guid":{"rendered":"https:\/\/linitiative.ca\/International\/equipe-dalgerie-le-compte-twitter-de-lom-un-invite-special-a-marseille\/"},"modified":"2019-12-08T15:14:10","modified_gmt":"2019-12-08T20:14:10","slug":"equipe-dalgerie-le-compte-twitter-de-lom-un-invite-special-a-marseille","status":"publish","type":"post","link":"https:\/\/linitiative.ca\/International\/equipe-dalgerie-le-compte-twitter-de-lom-un-invite-special-a-marseille\/","title":{"rendered":"Equipe d&rsquo;Alg\u00e9rie : Le compte Twitter de l\u2019OM : \u00abUn invit\u00e9 sp\u00e9cial \u00e0 Marseille\u00bb"},"content":{"rendered":"<div readability=\"32\">\n<p>Auteur : <span>Riad O.<\/span> <span class=\"time\">dimanche 08 d\u00e9cembre 2019 19:23<\/span><\/p>\n<\/div>\n<div id=\"post_core\" readability=\"42\">\n<p>Le s\u00e9lectionneur national, Djamel Belmadi a cr\u00e9e l\u2019\u00e9v\u00e8nement aujourd\u2019hui dans les rues de Marseille. Le technicien Alg\u00e9rien sera pr\u00e9sent ce soir au V\u00e9lodrome et donnera le coup d\u2019envoi du match entre l\u2019OM et les Girondins de Bordeaux. Sur le compte twitter de l\u2019OM, une photo de Belmadi avec un fan de l\u2019OM a \u00e9t\u00e9 post\u00e9e avec le commentaire suivant\u00a0:\u00a0\u00abUn invit\u00e9 sp\u00e9cial \u00e0 Marseille\u00bb<\/p>\n<p><img decoding=\"async\" alt=\"\" src=\"1203685289941749761?ref_src\"\/><\/p>\n<blockquote class=\"twitter-tweet\" data-width=\"550\" data-dnt=\"true\">\n<p lang=\"ar\" dir=\"rtl\">\u0636\u064a\u0641 \u0645\u0645\u064a\u0632 \u0647\u0646\u0627 \u0641\u064a \u0645\u0627\u0631\u0633\u064a\u0644\u064a\u0627! \ud83d\udc99\ud83d\ude09 <a href=\"https:\/\/t.co\/0qu4rxSDnD\">https:\/\/t.co\/0qu4rxSDnD<\/a><\/p>\n<p>&mdash; \u0623\u0648\u0644\u0645\u0628\u064a\u0643 \u0645\u0627\u0631\u0633\u064a\u0644\u064a\u0627 (@OM_Arab) <a href=\"https:\/\/twitter.com\/OM_Arab\/status\/1203685289941749761?ref_src=twsrc%5Etfw\">December 8, 2019<\/a><\/p><\/blockquote>\n<p><script async src=\"https:\/\/platform.twitter.com\/widgets.js\" charset=\"utf-8\"><\/script><\/p>\n<p><img decoding=\"async\" alt=\"\" src=\"https:\/\/twitter.com\/OM_Arab\/status\/1203685289941749761?ref_src=twsrc%5Etfw%7Ctwcamp%5Etweetembed%7Ctwterm%5E1203685289941749761&#038;ref_url=https%3A%2F%2Fwww.ennaharonline.com%2F%25d8%25aa%25d9%2588%25d9%258a%25d8%25aa%25d8%25b1-%25d9%2584%25d9%2588%25d8%25a7%25d9%2585%25d8%25b6%25d9%258a%25d9%2581-%25d9%2585%25d9%2585%25d9%258a%25d8%25b2-%25d9%2587%25d9%2586%25d8%25a7-%25d9%2581%25d9%258a-%25d9%2585%25d8%25a7%25d8%25b1%25d8%25b3%25d9%258a%25d9%2584%25d9%258a%25d8%25a7%2F\"\/><\/p>\n<p><strong>Publi\u00e9 dans :<\/strong> <span>OM<\/span><\/p>\n<\/div>\n<p>Auteur:<br \/>\n<a href=\"http:\/\/www.lebuteur.com\/article\/detail?titre=le-compte-twitter-de-lom-un-invite-special-a-marseille&#038;id=93453&#038;utm_source=feedburner&#038;utm_medium=feed&#038;utm_campaign=Feed%3A+GalerieFArtciles+%28Les+derniers+articles++-+lebuteur.com%29\">Cliquez ici pour lire l&rsquo;article depuis sa source.<\/a><\/p>\n","protected":false},"excerpt":{"rendered":"<p>Auteur : Riad O. dimanche 08 d\u00e9cembre 2019 19:23 Le s\u00e9lectionneur national, Djamel Belmadi a cr\u00e9e l\u2019\u00e9v\u00e8nement aujourd\u2019hui dans les rues de Marseille. Le technicien Alg\u00e9rien sera pr\u00e9sent ce soir au V\u00e9lodrome et donnera le coup d\u2019envoi du match entre l\u2019OM et les Girondins de Bordeaux. Sur le compte twitter de l\u2019OM, une photo de [&hellip;]<\/p>\n","protected":false},"author":1738,"featured_media":0,"comment_status":"closed","ping_status":"closed","sticky":false,"template":"","format":"standard","meta":{"fifu_image_url":"","fifu_image_alt":"","footnotes":""},"categories":[53,75],"tags":[],"class_list":["post-69635","post","type-post","status-publish","format-standard","hentry","category-algerie","category-sport"],"_links":{"self":[{"href":"https:\/\/linitiative.ca\/International\/wp-json\/wp\/v2\/posts\/69635","targetHints":{"allow":["GET"]}}],"collection":[{"href":"https:\/\/linitiative.ca\/International\/wp-json\/wp\/v2\/posts"}],"about":[{"href":"https:\/\/linitiative.ca\/International\/wp-json\/wp\/v2\/types\/post"}],"author":[{"embeddable":true,"href":"https:\/\/linitiative.ca\/International\/wp-json\/wp\/v2\/users\/1738"}],"replies":[{"embeddable":true,"href":"https:\/\/linitiative.ca\/International\/wp-json\/wp\/v2\/comments?post=69635"}],"version-history":[{"count":0,"href":"https:\/\/linitiative.ca\/International\/wp-json\/wp\/v2\/posts\/69635\/revisions"}],"wp:attachment":[{"href":"https:\/\/linitiative.ca\/International\/wp-json\/wp\/v2\/media?parent=69635"}],"wp:term":[{"taxonomy":"category","embeddable":true,"href":"https:\/\/linitiative.ca\/International\/wp-json\/wp\/v2\/categories?post=69635"},{"taxonomy":"post_tag","embeddable":true,"href":"https:\/\/linitiative.ca\/International\/wp-json\/wp\/v2\/tags?post=69635"}],"curies":[{"name":"wp","href":"https:\/\/api.w.org\/{rel}","templated":true}]}}