{"id":69636,"date":"2019-12-07T18:00:00","date_gmt":"2019-12-07T23:00:00","guid":{"rendered":"https:\/\/linitiative.ca\/International\/commandements-des-forces-terrestres-et-de-la-gendarmerie-nationale-m-gaid-salah-en-visite-de-travail-a-partir-daujourdhui\/"},"modified":"2019-12-07T18:00:00","modified_gmt":"2019-12-07T23:00:00","slug":"commandements-des-forces-terrestres-et-de-la-gendarmerie-nationale-m-gaid-salah-en-visite-de-travail-a-partir-daujourdhui","status":"publish","type":"post","link":"https:\/\/linitiative.ca\/International\/commandements-des-forces-terrestres-et-de-la-gendarmerie-nationale-m-gaid-salah-en-visite-de-travail-a-partir-daujourdhui\/","title":{"rendered":"Commandements des Forces terrestres et de la Gendarmerie nationale : M. Ga\u00efd Salah en visite de travail \u00e0 partir d\u2019aujourd\u2019hui"},"content":{"rendered":"<p>Le g\u00e9n\u00e9ral de Corps d\u2019Arm\u00e9e, Ahmed Ga\u00efd Salah, vice-ministre de la D\u00e9fense nationale, chef d\u2019Etat-Major de l\u2019Arm\u00e9e nationale populaire, effectuera, aujourd\u2019hui et demain, des visites de travail et d&rsquo;inspection, respectivement, aux commandements des Forces terrestres et de la Gendarmerie nationale, indique samedi un communiqu\u00e9 du minist\u00e8re de la D\u00e9fense nationale. Le g\u00e9n\u00e9ral de Corps d&rsquo;Arm\u00e9e \u00abpr\u00e9sidera, lors de ces visites, des r\u00e9unions d&rsquo;orientation avec les cadres et personnels des Forces terrestres et de la Gendarmerie nationale\u00bb.<br \/>\u00a0<\/p>\n<p>Auteur: elmoudjahid<br \/>\n<a href=\"http:\/\/www.elmoudjahid.com\/fr\/actualites\/145463\">Cliquez ici pour lire l&rsquo;article depuis sa source.<\/a><\/p>\n","protected":false},"excerpt":{"rendered":"<p>Le g\u00e9n\u00e9ral de Corps d\u2019Arm\u00e9e, Ahmed Ga\u00efd Salah, vice-ministre de la D\u00e9fense nationale, chef d\u2019Etat-Major de l\u2019Arm\u00e9e nationale populaire, effectuera, aujourd\u2019hui et demain, des visites de travail et d&rsquo;inspection, respectivement, aux commandements des Forces terrestres et de la Gendarmerie nationale, indique samedi un communiqu\u00e9 du minist\u00e8re de la D\u00e9fense nationale. Le g\u00e9n\u00e9ral de Corps d&rsquo;Arm\u00e9e [&hellip;]<\/p>\n","protected":false},"author":1744,"featured_media":0,"comment_status":"closed","ping_status":"closed","sticky":false,"template":"","format":"standard","meta":{"fifu_image_url":"","fifu_image_alt":"","footnotes":""},"categories":[73,53],"tags":[],"class_list":["post-69636","post","type-post","status-publish","format-standard","hentry","category-actualite","category-algerie"],"_links":{"self":[{"href":"https:\/\/linitiative.ca\/International\/wp-json\/wp\/v2\/posts\/69636","targetHints":{"allow":["GET"]}}],"collection":[{"href":"https:\/\/linitiative.ca\/International\/wp-json\/wp\/v2\/posts"}],"about":[{"href":"https:\/\/linitiative.ca\/International\/wp-json\/wp\/v2\/types\/post"}],"author":[{"embeddable":true,"href":"https:\/\/linitiative.ca\/International\/wp-json\/wp\/v2\/users\/1744"}],"replies":[{"embeddable":true,"href":"https:\/\/linitiative.ca\/International\/wp-json\/wp\/v2\/comments?post=69636"}],"version-history":[{"count":0,"href":"https:\/\/linitiative.ca\/International\/wp-json\/wp\/v2\/posts\/69636\/revisions"}],"wp:attachment":[{"href":"https:\/\/linitiative.ca\/International\/wp-json\/wp\/v2\/media?parent=69636"}],"wp:term":[{"taxonomy":"category","embeddable":true,"href":"https:\/\/linitiative.ca\/International\/wp-json\/wp\/v2\/categories?post=69636"},{"taxonomy":"post_tag","embeddable":true,"href":"https:\/\/linitiative.ca\/International\/wp-json\/wp\/v2\/tags?post=69636"}],"curies":[{"name":"wp","href":"https:\/\/api.w.org\/{rel}","templated":true}]}}