{"id":69640,"date":"2019-12-07T18:00:00","date_gmt":"2019-12-07T23:00:00","guid":{"rendered":"https:\/\/linitiative.ca\/International\/installation-du-p-apc-de-sidi-bel-abbes-lepilogue-dune-couteuse-lethargie\/"},"modified":"2019-12-07T18:00:00","modified_gmt":"2019-12-07T23:00:00","slug":"installation-du-p-apc-de-sidi-bel-abbes-lepilogue-dune-couteuse-lethargie","status":"publish","type":"post","link":"https:\/\/linitiative.ca\/International\/installation-du-p-apc-de-sidi-bel-abbes-lepilogue-dune-couteuse-lethargie\/","title":{"rendered":"Installation du P\/APC de sidi Bel-Abb\u00e8s : L\u2019\u00e9pilogue d\u2019une co\u00fbteuse  l\u00e9thargie"},"content":{"rendered":"<p>\u00a0Le nouveau pr\u00e9sident de l\u2019APC, Fethi Semmoud, a \u00e9t\u00e9 install\u00e9 jeudi dans ses nouvelles fonctions \u00e0 la suite de la d\u00e9mission de son pr\u00e9d\u00e9cesseur Adda Boudjellel Tewfik. La c\u00e9r\u00e9monie pr\u00e9sid\u00e9e par le secr\u00e9taire g\u00e9n\u00e9ral de la wilaya a \u00e9t\u00e9 mise \u00e0 profit pour \u00e9valuer la situation socio-\u00e9conomique de cette entit\u00e9, relever les retards dans la r\u00e9alisation des projets et inviter les intervenants \u00e0 plus d\u2019engagement et d\u2019implication pour redorer le blason de la cit\u00e9. Un ultimatum a \u00e9t\u00e9 signifi\u00e9 \u00e0 la nouvelle assembl\u00e9e\u00a0 pour la relance des chantiers abandonn\u00e9s et des projets misen veilleuse. Le repr\u00e9sentant du wali n\u2019a pas manqu\u00e9 de situer l\u2019effort de l\u2019Etat, traduit par l\u2019inscription d\u2019un programme de d\u00e9veloppement ,interpelant les \u00e9lus locaux en vue d\u2019accompagner cet \u00e9lan et de valoriser les investissements. C\u2019est un soulagement apr\u00e8s un long et p\u00e9nalisant blocage. Force est de constater que les d\u00e9faillances sont criardes en l\u2019absence d\u2019une ma\u00eetrise n\u00e9cessaire pour promouvoir cette circonscription\u2008dont\u2008l\u2019environnement s\u2019est d\u00e9grad\u00e9. Il conviendra de r\u00e9habiliter en premier lieu les rep\u00e8res de la cit\u00e9 de la Mekkerra, restaurer son vieux b\u00e2ti, am\u00e9nager son tissu urbain, \u00e9clairer son espace et r\u00e9gler les probl\u00e8mes de circulation. Autant de priorit\u00e9s pour l\u2019ex\u00e9cutif appel\u00e9 \u00e0 encadrer davantage l\u2019appareil administratif, instrument d\u2019ex\u00e9cution, au demeurant peu qualifi\u00e9e ou inexploit\u00e9e. Le nouveau gestionnaire comptabilise une solide exp\u00e9rience apr\u00e8s avoir assur\u00e9 plusieurs mandats \u00e9lectifs .\u00a0\u00a0\u00a0 \u00a0\u00a0\u00a0 \u00a0\u00a0\u00a0\u00a0\u00a0\u00a0\u00a0\u00a0\u00a0\u00a0 A. B.\u00a0\u00a0\u00a0<br \/>\u00a0<\/p>\n<p>Auteur: elmoudjahid<br \/>\n<a href=\"http:\/\/www.elmoudjahid.com\/fr\/actualites\/145467\">Cliquez ici pour lire l&rsquo;article depuis sa source.<\/a><\/p>\n","protected":false},"excerpt":{"rendered":"<p>\u00a0Le nouveau pr\u00e9sident de l\u2019APC, Fethi Semmoud, a \u00e9t\u00e9 install\u00e9 jeudi dans ses nouvelles fonctions \u00e0 la suite de la d\u00e9mission de son pr\u00e9d\u00e9cesseur Adda Boudjellel Tewfik. La c\u00e9r\u00e9monie pr\u00e9sid\u00e9e par le secr\u00e9taire g\u00e9n\u00e9ral de la wilaya a \u00e9t\u00e9 mise \u00e0 profit pour \u00e9valuer la situation socio-\u00e9conomique de cette entit\u00e9, relever les retards dans la [&hellip;]<\/p>\n","protected":false},"author":1744,"featured_media":0,"comment_status":"closed","ping_status":"closed","sticky":false,"template":"","format":"standard","meta":{"fifu_image_url":"","fifu_image_alt":"","footnotes":""},"categories":[73,53],"tags":[],"class_list":["post-69640","post","type-post","status-publish","format-standard","hentry","category-actualite","category-algerie"],"_links":{"self":[{"href":"https:\/\/linitiative.ca\/International\/wp-json\/wp\/v2\/posts\/69640","targetHints":{"allow":["GET"]}}],"collection":[{"href":"https:\/\/linitiative.ca\/International\/wp-json\/wp\/v2\/posts"}],"about":[{"href":"https:\/\/linitiative.ca\/International\/wp-json\/wp\/v2\/types\/post"}],"author":[{"embeddable":true,"href":"https:\/\/linitiative.ca\/International\/wp-json\/wp\/v2\/users\/1744"}],"replies":[{"embeddable":true,"href":"https:\/\/linitiative.ca\/International\/wp-json\/wp\/v2\/comments?post=69640"}],"version-history":[{"count":0,"href":"https:\/\/linitiative.ca\/International\/wp-json\/wp\/v2\/posts\/69640\/revisions"}],"wp:attachment":[{"href":"https:\/\/linitiative.ca\/International\/wp-json\/wp\/v2\/media?parent=69640"}],"wp:term":[{"taxonomy":"category","embeddable":true,"href":"https:\/\/linitiative.ca\/International\/wp-json\/wp\/v2\/categories?post=69640"},{"taxonomy":"post_tag","embeddable":true,"href":"https:\/\/linitiative.ca\/International\/wp-json\/wp\/v2\/tags?post=69640"}],"curies":[{"name":"wp","href":"https:\/\/api.w.org\/{rel}","templated":true}]}}