{"id":69643,"date":"2019-12-08T11:30:58","date_gmt":"2019-12-08T16:30:58","guid":{"rendered":"https:\/\/linitiative.ca\/International\/98654-arts-martiaux-j-espere-que-cette-victoire-en-appellera-d-autres\/"},"modified":"2019-12-08T11:30:58","modified_gmt":"2019-12-08T16:30:58","slug":"98654-arts-martiaux-j-espere-que-cette-victoire-en-appellera-d-autres","status":"publish","type":"post","link":"https:\/\/linitiative.ca\/International\/98654-arts-martiaux-j-espere-que-cette-victoire-en-appellera-d-autres\/","title":{"rendered":"Arts martiaux: \u00ab\u00a0j&rsquo;esp\u00e8re que cette victoire en appellera d&rsquo;autres\u00a0\u00bb"},"content":{"rendered":"<div readability=\"39\">\n<p><strong>KUALA LAMPUR &#8211; Le Kickboxer alg\u00e9rien Elias Mahmoudi, auteur d&rsquo;une victoire historique vendredi en Malaisie, o\u00f9 il avait domin\u00e9 aux points le triple champion du monde de Muay Tha\u00ef, le Tha\u00eflandais Lerdsila Phuketla, a esp\u00e9r\u00e9 dans sa d\u00e9claration d&rsquo;apr\u00e8s match que cette belle victoire en appelle d&rsquo;autres.<\/strong><\/p>\n<\/div>\n<div readability=\"76.7581047382\">\n<p>\u00ab\u00a0C&rsquo;est un r\u00eave d&rsquo;enfant que je viens de r\u00e9aliser et j&rsquo;ai du mal \u00e0 trouver les mots pour exprimer la joie que je ressens en ce moment. Lorsque j&rsquo;\u00e9tais un gamin de 10 ans, Lerdsila \u00e9tait d\u00e9j\u00e0 un grand champion, mondialement connu et j&rsquo;\u00e9tais impressionn\u00e9 de le voir combattre. Cela a donc \u00e9t\u00e9 un immense honneur pour moi de croiser les gants avec lui et de remporter cette belle victoire, qui je l&rsquo;esp\u00e8re en appellera d&rsquo;autres\u00a0\u00bb a-t-il souhait\u00e9.<\/p>\n<p>En effet, l&rsquo;Alg\u00e9rien de 21 ans est en train de faire ses d\u00e9buts dans le monde professionnel de la discipline, alors que le Lerdsila (38 ans) tire plut\u00f4t vers la fin.<\/p>\n<p>N\u00e9anmoins, malgr\u00e9 cette importante diff\u00e9rence d&rsquo;\u00e2ge, Mahmoudi (1,78m \/ 61 kg) a affirm\u00e9 que la l\u00e9gende tha\u00eflandaise Lerdsila restait un \u00ab\u00a0un grand champion\u00a0\u00bb, ajoutant s&rsquo;\u00eatre \u00ab\u00a0pr\u00e9par\u00e9 comme un forcen\u00e9\u00a0\u00bb pour pouvoir le dominer.<\/p>\n<blockquote readability=\"9\">\n<p><em><strong>\u00ab\u00a0J&rsquo;ai pr\u00e9par\u00e9 ce combat du mieux que j&rsquo;ai pu, \u00e0 la fois avec mon p\u00e8re, mon oncle et mes fr\u00e8res\u00a0\u00bb a d\u00e9taill\u00e9 Mahmoudi, issu d&rsquo;une famille presque enti\u00e8rement d\u00e9vou\u00e9e aux arts martiaux.<\/strong><\/em><\/p>\n<\/blockquote>\n<hr\/>\n<h3>Lire aussi:\u00a0<a href=\"http:\/\/www.aps.dz\/sport\/98608-arts-martiaux-muay-thai-one-championship-l-algerien-mahmoudi-domine-la-legende-lerdsila-aux-points\" target=\"_blank\" rel=\"noopener noreferrer\">Arts martiaux\/ Muay Tha\u00ef &#8211; One Championship: l&rsquo;Alg\u00e9rien Mahmoudi domine la l\u00e9gende Lerdsila aux points<\/a><\/h3>\n<hr\/>\n<p>Le paternel d&rsquo;Elias dirige d&rsquo;ailleurs une salle de sport, Le Mahmoudi Gym, situ\u00e9 dans la ville fran\u00e7aise de Bonneuil Sur Marne, o\u00f9 est install\u00e9e la famille.<\/p>\n<p>Elias a pratiquement grandi dans cette salle, o\u00f9 il a commenc\u00e9 \u00e0 pratiquer tr\u00e8s jeune aux c\u00f4t\u00e9s de son p\u00e8re. A 18 ans, il comptait d\u00e9j\u00e0 13 victoires en autant de combats, dont 9 par KO.<\/p>\n<p>Ayant remarqu\u00e9 que son fils \u00e9tait dou\u00e9 pour ce sport, le papa Mahmoudi l&rsquo;a d\u00e8s lors conduit aux quatre coins du globe, pour le forger, notamment, en lui faisant disputer un Best Of Siam o\u00f9 il avait remport\u00e9 son combat par KO, \u00e0 seulement 17 ans.<\/p>\n<p>Aujourd&rsquo;hui qu&rsquo;il a r\u00e9alis\u00e9 son r\u00eave d&rsquo;enfant en dominant Lerdsila, celui qu&rsquo;on surnomme \u00ab\u00a0Le Sniper\u00a0\u00bb pour l&rsquo;incroyable pr\u00e9cision de ses coups, esp\u00e8re franchir un nouveau cap dans le monde professionnel de la discipline.<\/p>\n<\/div>\n<p>Auteur:<br \/>\n<a href=\"http:\/\/www.aps.dz\/sport\/98654-arts-martiaux-j-espere-que-cette-victoire-en-appellera-d-autres?utm_source=feedburner&#038;utm_medium=feed&#038;utm_campaign=Feed%3A+aps-sport+%28APS+-+SPORT%29\">Cliquez ici pour lire l&rsquo;article depuis sa source.<\/a><\/p>\n","protected":false},"excerpt":{"rendered":"<p>KUALA LAMPUR &#8211; Le Kickboxer alg\u00e9rien Elias Mahmoudi, auteur d&rsquo;une victoire historique vendredi en Malaisie, o\u00f9 il avait domin\u00e9 aux points le triple champion du monde de Muay Tha\u00ef, le Tha\u00eflandais Lerdsila Phuketla, a esp\u00e9r\u00e9 dans sa d\u00e9claration d&rsquo;apr\u00e8s match que cette belle victoire en appelle d&rsquo;autres. \u00ab\u00a0C&rsquo;est un r\u00eave d&rsquo;enfant que je viens de [&hellip;]<\/p>\n","protected":false},"author":1790,"featured_media":0,"comment_status":"closed","ping_status":"closed","sticky":false,"template":"","format":"standard","meta":{"fifu_image_url":"","fifu_image_alt":"","footnotes":""},"categories":[53,75],"tags":[],"class_list":["post-69643","post","type-post","status-publish","format-standard","hentry","category-algerie","category-sport"],"_links":{"self":[{"href":"https:\/\/linitiative.ca\/International\/wp-json\/wp\/v2\/posts\/69643","targetHints":{"allow":["GET"]}}],"collection":[{"href":"https:\/\/linitiative.ca\/International\/wp-json\/wp\/v2\/posts"}],"about":[{"href":"https:\/\/linitiative.ca\/International\/wp-json\/wp\/v2\/types\/post"}],"author":[{"embeddable":true,"href":"https:\/\/linitiative.ca\/International\/wp-json\/wp\/v2\/users\/1790"}],"replies":[{"embeddable":true,"href":"https:\/\/linitiative.ca\/International\/wp-json\/wp\/v2\/comments?post=69643"}],"version-history":[{"count":0,"href":"https:\/\/linitiative.ca\/International\/wp-json\/wp\/v2\/posts\/69643\/revisions"}],"wp:attachment":[{"href":"https:\/\/linitiative.ca\/International\/wp-json\/wp\/v2\/media?parent=69643"}],"wp:term":[{"taxonomy":"category","embeddable":true,"href":"https:\/\/linitiative.ca\/International\/wp-json\/wp\/v2\/categories?post=69643"},{"taxonomy":"post_tag","embeddable":true,"href":"https:\/\/linitiative.ca\/International\/wp-json\/wp\/v2\/tags?post=69643"}],"curies":[{"name":"wp","href":"https:\/\/api.w.org\/{rel}","templated":true}]}}